{"id":9998,"date":"2025-02-22T16:07:03","date_gmt":"2025-02-22T20:07:03","guid":{"rendered":"https:\/\/agromt.news\/?p=9998"},"modified":"2025-02-22T16:07:03","modified_gmt":"2025-02-22T20:07:03","slug":"governo-retoma-financiamento-rural-com-credito-subsidiado-no-plano-safra","status":"publish","type":"post","link":"https:\/\/agromt.news\/?p=9998","title":{"rendered":"Governo retoma financiamento rural com cr\u00e9dito subsidiado no Plano Safra"},"content":{"rendered":"<p> <br \/>\n<br \/><img decoding=\"async\" src=\"https:\/\/agromt.news\/wp-content\/uploads\/2025\/02\/Governo-retoma-financiamento-rural-com-credito-subsidiado-no-Plano-Safra.jpg\" \/><\/p>\n<div>\n<p>A <a href=\"https:\/\/www.gov.br\/pt-br\">governo <\/a>anunciou, nesta sexta-feira (21), a retomada das contrata\u00e7\u00f5es de financiamentos rurais subvencionados no \u00e2mbito do Plano Safra 2024\/2025. A decis\u00e3o <a href=\"https:\/\/www.canalrural.com.br\/agricultura\/entenda-os-impactos-da-suspensao-de-financiamentos-do-plano-safra-2024-25\/\">revoga a suspens\u00e3o tempor\u00e1ria das novas opera\u00e7\u00f5es<\/a>, determinada pelo Of\u00edcio Circular SEI n\u00ba 282\/2025\/MF, de 20 de fevereiro de 2025, e entra em vigor imediatamente.<\/p>\n<p>De acordo com o novo Of\u00edcio Circular SEI n\u00ba 297\/2025\/MF, a retomada das contrata\u00e7\u00f5es ocorre diante da tramita\u00e7\u00e3o de uma Medida Provis\u00f3ria que abrir\u00e1 cr\u00e9dito extraordin\u00e1rio para as a\u00e7\u00f5es or\u00e7ament\u00e1rias referentes \u00e0s subven\u00e7\u00f5es econ\u00f4micas do Plano Safra. No entanto, a libera\u00e7\u00e3o efetiva das opera\u00e7\u00f5es est\u00e1 condicionada \u00e0 publica\u00e7\u00e3o dessa Medida Provis\u00f3ria no Di\u00e1rio Oficial da Uni\u00e3o.<\/p>\n<p>A autoriza\u00e7\u00e3o para a retomada das contrata\u00e7\u00f5es ocorre em raz\u00e3o da tramita\u00e7\u00e3o de uma Medida Provis\u00f3ria que abrir\u00e1 cr\u00e9dito extraordin\u00e1rio para as a\u00e7\u00f5es or\u00e7ament\u00e1rias relacionadas \u00e0s subven\u00e7\u00f5es econ\u00f4micas vinculadas ao Plano Safra. No entanto, a libera\u00e7\u00e3o efetiva dessas opera\u00e7\u00f5es est\u00e1 condicionada \u00e0 publica\u00e7\u00e3o da referida Medida Provis\u00f3ria no Di\u00e1rio Oficial da Uni\u00e3o.<\/p>\n<\/div>\n<div>\n<p>O <a href=\"https:\/\/www.gov.br\/tesouronacional\/pt-br\">Tesouro Nacional<\/a> refor\u00e7a que seguir\u00e1 monitorando a execu\u00e7\u00e3o dos financiamentos para garantir a conformidade fiscal e or\u00e7ament\u00e1ria. Al\u00e9m disso, foi determinado que as institui\u00e7\u00f5es financeiras devem adotar as provid\u00eancias necess\u00e1rias para normalizar os processos de contrata\u00e7\u00e3o, observando os limites estabelecidos para os financiamentos subvencionados.<\/p>\n<p>O documento tamb\u00e9m destaca que o cr\u00e9dito extraordin\u00e1rio ser\u00e1 destinado exclusivamente ao pagamento da equaliza\u00e7\u00e3o de taxas de juros das opera\u00e7\u00f5es que tiveram suas contrata\u00e7\u00f5es suspensas pelo Of\u00edcio Circular SEI 282\/2025\/MF.<\/p>\n<\/p><\/div>\n<p><br \/>\n<br \/><a href=\"https:\/\/www.canalrural.com.br\/agricultura\/agronegocio\/governo-retoma-financiamento-rural-com-credito-subsidiado-no-plano-safra\/\">Source link <\/a><\/p>\n","protected":false},"excerpt":{"rendered":"<p>A governo anunciou, nesta sexta-feira (21), a retomada das contrata\u00e7\u00f5es de financiamentos rurais subvencionados no \u00e2mbito do Plano Safra 2024\/2025.<\/p>\n","protected":false},"author":1,"featured_media":9999,"comment_status":"open","ping_status":"open","sticky":false,"template":"","format":"standard","meta":{"_monsterinsights_skip_tracking":false,"_monsterinsights_sitenote_active":false,"_monsterinsights_sitenote_note":"","_monsterinsights_sitenote_category":0,"_uf_show_specific_survey":0,"_uf_disable_surveys":false,"footnotes":""},"categories":[1],"tags":[],"class_list":["post-9998","post","type-post","status-publish","format-standard","has-post-thumbnail","hentry","category-news"],"_links":{"self":[{"href":"https:\/\/agromt.news\/index.php?rest_route=\/wp\/v2\/posts\/9998"}],"collection":[{"href":"https:\/\/agromt.news\/index.php?rest_route=\/wp\/v2\/posts"}],"about":[{"href":"https:\/\/agromt.news\/index.php?rest_route=\/wp\/v2\/types\/post"}],"author":[{"embeddable":true,"href":"https:\/\/agromt.news\/index.php?rest_route=\/wp\/v2\/users\/1"}],"replies":[{"embeddable":true,"href":"https:\/\/agromt.news\/index.php?rest_route=%2Fwp%2Fv2%2Fcomments&post=9998"}],"version-history":[{"count":0,"href":"https:\/\/agromt.news\/index.php?rest_route=\/wp\/v2\/posts\/9998\/revisions"}],"wp:featuredmedia":[{"embeddable":true,"href":"https:\/\/agromt.news\/index.php?rest_route=\/wp\/v2\/media\/9999"}],"wp:attachment":[{"href":"https:\/\/agromt.news\/index.php?rest_route=%2Fwp%2Fv2%2Fmedia&parent=9998"}],"wp:term":[{"taxonomy":"category","embeddable":true,"href":"https:\/\/agromt.news\/index.php?rest_route=%2Fwp%2Fv2%2Fcategories&post=9998"},{"taxonomy":"post_tag","embeddable":true,"href":"https:\/\/agromt.news\/index.php?rest_route=%2Fwp%2Fv2%2Ftags&post=9998"}],"curies":[{"name":"wp","href":"https:\/\/api.w.org\/{rel}","templated":true}]}}