{"id":9997,"date":"2025-02-22T16:04:29","date_gmt":"2025-02-22T20:04:29","guid":{"rendered":"https:\/\/agromt.news\/?p=9997"},"modified":"2025-02-22T16:04:29","modified_gmt":"2025-02-22T20:04:29","slug":"restricao-ao-credito-rural-preocupa-entidades","status":"publish","type":"post","link":"https:\/\/agromt.news\/?p=9997","title":{"rendered":"Restri\u00e7\u00e3o ao cr\u00e9dito rural preocupa entidades"},"content":{"rendered":"<p> <br \/>\n<\/p>\n<div>\n<div class=\"row\">\n<div class=\"col-lg col-infos mt-3 mt-lg-0\">\n<div class=\"section-sub-title\">\n<p itemprop=\"description\">&#13;<br \/>\n                                \u201cA entidade refor\u00e7a a necessidade de um di\u00e1logo aberto com o Governo&#8221;&#13;\n                            <\/p>\n<\/p><\/div>\n<div class=\"container\">\n<div class=\"row\">\n<div class=\"col-lg p-0\">\n<div>\n<div class=\"block-news-main-infos mt-3 text-start\">\n<p>                                            <strong class=\"fn\" itemprop=\"author\" style=\"color: rgb(112, 112, 112); \">&#13;<br \/>\n                                                <a href=\"https:\/\/www.agrolink.com.br\/noticias\/javascript:;\" class=\"text-uppercase\" target=\"_blank\" style=\"color: rgb(112, 112, 112); \" rel=\"noopener\">Agrolink<\/a>&#13;<br \/>\n&#13;<br \/>\n                                                    &#8211; Leonardo Gottems&#13;<br \/>\n&#13;<br \/>\n                                            <\/strong><br \/>\n                                        <\/p>\n<p>                                            <abbr><time datetime=\"2025-02-21T16:48\" itemprop=\"datePublished dateModified\">Publicado em 21\/02\/2025 \u00e0s 16:48h.<\/time><\/abbr><br \/>\n                                            <\/p><\/div>\n<\/p><\/div>\n<\/p><\/div>\n<div class=\"col-lg p-0 text-lg-end\">\n<div>\n<div id=\"mdEnviarPagina\" class=\"modal fade\" role=\"dialog\">\n<div class=\"modal-dialog\">\n<div class=\"modal-content\">\n<div class=\"modal-body\">\n<p><strong>Estimado usu\u00e1rio.<\/strong><br \/>Preencha o formul\u00e1rio abaixo para remeter a p\u00e1gina.<\/p>\n<\/p><\/div>\n<\/p><\/div>\n<\/p><\/div>\n<\/div><\/div>\n<\/p><\/div>\n<\/p><\/div>\n<\/p><\/div>\n<\/p><\/div>\n<\/p><\/div>\n<div class=\"row justify-content-md-center mt-3\">\n<div class=\"col-lg-auto col-image  block-news-main-image d-none d-md-block\">\n<p>                                <img decoding=\"async\" src=\"https:\/\/www.agrolink.com.br\/upload\/imagens-resizes\/1240d81fe5c747bda5d3f183814b0122_858x483.jpg\" class=\"lazyload \" alt=\"\u201cEssa limita\u00e7\u00e3o de cr\u00e9dito subsidiado vai atingir diretamente os agricultores&quot;\"\/><br \/>\n                                                <span class=\"d-block mt-1\">\u201cEssa limita\u00e7\u00e3o de cr\u00e9dito subsidiado vai atingir diretamente os agricultores&#8221; &#8211; Foto: Divulga\u00e7\u00e3o<\/span><\/p><\/div>\n<\/p><\/div>\n<div class=\"section-description section-description-noticias mt-3\">\n<p>A Associa\u00e7\u00e3o Brasileira do Agroneg\u00f3cio (ABAG) manifestou preocupa\u00e7\u00e3o com a suspens\u00e3o das novas contrata\u00e7\u00f5es de cr\u00e9dito rural subsidiado pelo Plano Safra 2024\/25, em vigor desde 21 de fevereiro. A entidade alerta que a medida trar\u00e1 mais incertezas ao setor, respons\u00e1vel por 22% do PIB nacional, impactando a seguran\u00e7a alimentar e energ\u00e9tica do pa\u00eds. \u00a0&#13;\n<\/p>\n<p>Segundo a ABAG, a restri\u00e7\u00e3o ao cr\u00e9dito afeta n\u00e3o apenas os agricultores, mas tamb\u00e9m a ind\u00fastria, tecnologia e log\u00edstica, setores diretamente ligados ao dinamismo do agroneg\u00f3cio. A entidade destaca que a falta de financiamento pode comprometer a produtividade em um ano de safras recordes, pressionando os pre\u00e7os dos alimentos e reduzindo a competitividade brasileira no mercado global. \u00a0<\/p>\n<p>\u201cEssa limita\u00e7\u00e3o de cr\u00e9dito subsidiado vai atingir diretamente os agricultores em mais um ano de safras recordes, pois acarretar\u00e1 uma perda de produtividade no campo e consequentemente um aumento no pre\u00e7o dos alimentos, que ser\u00e3o repassados aos consumidores, al\u00e9m de provocar uma perda da competitividade no mercado internacional\u201d, diz.&#13;\n<\/p>\n<p>Al\u00e9m de prejudicar pequenos, m\u00e9dios e grandes produtores, a interrup\u00e7\u00e3o dos recursos amea\u00e7a investimentos essenciais em inova\u00e7\u00e3o, maquin\u00e1rio e infraestrutura, podendo gerar desemprego e elevar os custos de produ\u00e7\u00e3o. A ABAG defende que o Plano Safra n\u00e3o pode ser reduzido por quest\u00f5es or\u00e7ament\u00e1rias e cobra uma solu\u00e7\u00e3o urgente do Governo Federal, envolvendo os Minist\u00e9rios da Agricultura e da Fazenda. \u00a0<\/p>\n<p>\u201cA entidade refor\u00e7a a necessidade de um di\u00e1logo aberto com o Governo para reverter essa decis\u00e3o e garantir previsibilidade ao setor agropecu\u00e1rio, que desempenha um papel central na economia do pa\u00eds e no abastecimento global. O Brasil tem se consolidado como uma refer\u00eancia em sustentabilidade atrelada \u00e0 efici\u00eancia produtiva, e a continuidade do Plano Safra \u00e9 fundamental para manter esse protagonismo\u201d, comenta.<br \/>&#13;<br \/>\n\u00a0&#13;\n<\/p>\n<\/p><\/div>\n<\/p><\/div>\n<p><script data-cfasync=\"false\">\n    !function (f, b, e, v, n, t, s) {\n        if (f.fbq) return; n = f.fbq = function () {\n            n.callMethod ?\n                n.callMethod.apply(n, arguments) : n.queue.push(arguments)\n        };\n        if (!f._fbq) f._fbq = n; n.push = n; n.loaded = !0; n.version = '2.0';\n        n.queue = []; t = b.createElement(e); t.async = !0;\n        t.src = v; s = b.getElementsByTagName(e)[0];\n        s.parentNode.insertBefore(t, s)\n    }(window, document, 'script',\n        'https:\/\/connect.facebook.net\/en_US\/fbevents.js');\n    fbq('init', '522546078623747');\n    fbq('track', 'PageView');\n<\/script><br \/>\n<br \/><br \/>\n<br \/><a href=\"https:\/\/www.agrolink.com.br\/noticias\/restricao-ao-credito-rural-preocupa-entidades_499567.html\">Source link <\/a><\/p>\n","protected":false},"excerpt":{"rendered":"<p>&#13; \u201cA entidade refor\u00e7a a necessidade de um di\u00e1logo aberto com o Governo&#8221;&#13; &#13; Agrolink&#13; &#13; &#8211; Leonardo Gottems&#13; &#13;<\/p>\n","protected":false},"author":1,"featured_media":1325,"comment_status":"open","ping_status":"open","sticky":false,"template":"","format":"standard","meta":{"_monsterinsights_skip_tracking":false,"_monsterinsights_sitenote_active":false,"_monsterinsights_sitenote_note":"","_monsterinsights_sitenote_category":0,"_uf_show_specific_survey":0,"_uf_disable_surveys":false,"footnotes":""},"categories":[8,1,14],"tags":[],"class_list":["post-9997","post","type-post","status-publish","format-standard","has-post-thumbnail","hentry","category-agro","category-news","category-politica-agro"],"_links":{"self":[{"href":"https:\/\/agromt.news\/index.php?rest_route=\/wp\/v2\/posts\/9997"}],"collection":[{"href":"https:\/\/agromt.news\/index.php?rest_route=\/wp\/v2\/posts"}],"about":[{"href":"https:\/\/agromt.news\/index.php?rest_route=\/wp\/v2\/types\/post"}],"author":[{"embeddable":true,"href":"https:\/\/agromt.news\/index.php?rest_route=\/wp\/v2\/users\/1"}],"replies":[{"embeddable":true,"href":"https:\/\/agromt.news\/index.php?rest_route=%2Fwp%2Fv2%2Fcomments&post=9997"}],"version-history":[{"count":0,"href":"https:\/\/agromt.news\/index.php?rest_route=\/wp\/v2\/posts\/9997\/revisions"}],"wp:featuredmedia":[{"embeddable":true,"href":"https:\/\/agromt.news\/index.php?rest_route=\/wp\/v2\/media\/1325"}],"wp:attachment":[{"href":"https:\/\/agromt.news\/index.php?rest_route=%2Fwp%2Fv2%2Fmedia&parent=9997"}],"wp:term":[{"taxonomy":"category","embeddable":true,"href":"https:\/\/agromt.news\/index.php?rest_route=%2Fwp%2Fv2%2Fcategories&post=9997"},{"taxonomy":"post_tag","embeddable":true,"href":"https:\/\/agromt.news\/index.php?rest_route=%2Fwp%2Fv2%2Ftags&post=9997"}],"curies":[{"name":"wp","href":"https:\/\/api.w.org\/{rel}","templated":true}]}}