{"id":996,"date":"2024-09-01T01:32:48","date_gmt":"2024-09-01T05:32:48","guid":{"rendered":"https:\/\/agromt.news\/?p=996"},"modified":"2024-09-01T01:32:48","modified_gmt":"2024-09-01T05:32:48","slug":"estado-assina-termo-de-cooperacao-e-libera-r-12-milhoes-para-construcao-de-moradias-rurais","status":"publish","type":"post","link":"https:\/\/agromt.news\/?p=996","title":{"rendered":"estado assina termo de coopera\u00e7\u00e3o e libera R$ 12 milh\u00f5es para constru\u00e7\u00e3o de moradias rurais"},"content":{"rendered":"<p> <br \/>\n<\/p>\n<div>\n<p style=\"text-align:justify\">O governador Eduardo Leite e o secret\u00e1rio da Habita\u00e7\u00e3o e Regulariza\u00e7\u00e3o Fundi\u00e1ria, Carlos Gomes, assinaram, nesta quinta-feira (29\/8), um termo de coopera\u00e7\u00e3o com a Caixa Econ\u00f4mica Federal para complemento da constru\u00e7\u00e3o de 600 moradias, a serem feitas pelo programa federal Minha Casa Minha Vida (MCMV), para agricultores atingidos pelas enchentes de setembro de 2023 no Vale do Taquari. O investimento \u00e9 de R$ 12 milh\u00f5es, equivalendo a R$ 20 mil para cada moradia. A Caixa ser\u00e1 o agente financeiro para operar com as entidades beneficiadas.\n<\/p>\n<p style=\"text-align:justify\">\u201cO Plano Rio Grande \u00e9 a nossa b\u00fassola para a reconstru\u00e7\u00e3o do Estado, e grande parte desse trabalho diz respeito a quest\u00f5es habitacionais. Hoje estamos dando um passo importante para, em parceria com o governo federal, avan\u00e7ar no encaminhamento de solu\u00e7\u00f5es para que as pessoas tenham um lugar digno para viver\u201d, afirmou Leite na solenidade, que ocorreu no evento de inaugura\u00e7\u00e3o oficial do Pavilh\u00e3o da Agricultura Familiar da Expointer.<\/p>\n<p style=\"text-align:justify\">Ser\u00e3o assinados conv\u00eanios da Caixa com a Cooperativa Habitacional de Agricultura Familiar (Coohaf) e a Cooperativa Habitacional Camponesa (Cooperhab), que realizar\u00e3o os trabalhos, respectivamente, em Canudos do Vale e em Planalto. \u201c\u00c9 uma alegria ver o Rio Grande do Sul proporcionar a constru\u00e7\u00e3o de casas para aqueles que produzem alimentos aos ga\u00fachos, que tamb\u00e9m perderam suas casas e hoje est\u00e3o aqui fazendo o sucesso deste Pavilh\u00e3o da Agricultura Familiar\u201d, disse Gomes.\n<\/p>\n<p style=\"text-align:justify\">O \u00a0decreto 57.753\/24, ampliou a participa\u00e7\u00e3o do governo do Estado no programa MCMV, aumentando o valor do complemento financeiro oferecido pelo Estado, que passou de R$ 5 mil para R$ 20 mil. Os produtores rurais ser\u00e3o os primeiros beneficiados pela iniciativa.\u00a0<\/p>\n<p style=\"text-align:justify\">A a\u00e7\u00e3o do executivo estadual tamb\u00e9m integra a Pol\u00edtica Estadual de Habita\u00e7\u00e3o de Interesse Social (Pehis), institu\u00edda em junho deste ano. Al\u00e9m de participar do MCMV, o executivo ga\u00facho desenvolve seu pr\u00f3prio programa habitacional \u2013 o A Casa \u00c9 Sua, no qual custeia integralmente o valor das unidades habitacionais.\n<\/p>\n<p style=\"text-align:justify\">Tamb\u00e9m participaram do ato o ministro do Desenvolvimento Agr\u00e1rio e Agricultura Familiar, Paulo Teixeira, e o ministro-chefe da Secretaria Extraordin\u00e1ria de Apoio \u00e0 Reconstru\u00e7\u00e3o do Rio Grande do Sul, Paulo Pimenta. Representando as entidades beneficiadas, compareceu o coordenador-geral da Federa\u00e7\u00e3o dos Trabalhadores e Trabalhadoras na Agricultura Familiar do Rio Grande do Sul (Fetraf-RS), Carlos Joel da Silva.<\/p>\n<\/div>\n<p><script data-cfasync=\"false\">\n    !function (f, b, e, v, n, t, s) {\n        if (f.fbq) return; n = f.fbq = function () {\n            n.callMethod ?\n                n.callMethod.apply(n, arguments) : n.queue.push(arguments)\n        };\n        if (!f._fbq) f._fbq = n; n.push = n; n.loaded = !0; n.version = '2.0';\n        n.queue = []; t = b.createElement(e); t.async = !0;\n        t.src = v; s = b.getElementsByTagName(e)[0];\n        s.parentNode.insertBefore(t, s)\n    }(window, document, 'script',\n        'https:\/\/connect.facebook.net\/en_US\/fbevents.js');\n    fbq('init', '522546078623747');\n    fbq('track', 'PageView');\n<\/script><br \/>\n<br \/><br \/>\n<br \/><a href=\"https:\/\/www.agrolink.com.br\/noticias\/rs--estado-assina-termo-de-cooperacao-e-libera-r--12-milhoes-para-construcao-de-moradias-rurais_494525.html\">Source link <\/a><\/p>\n","protected":false},"excerpt":{"rendered":"<p>O governador Eduardo Leite e o secret\u00e1rio da Habita\u00e7\u00e3o e Regulariza\u00e7\u00e3o Fundi\u00e1ria, Carlos Gomes, assinaram, nesta quinta-feira (29\/8), um termo<\/p>\n","protected":false},"author":1,"featured_media":997,"comment_status":"open","ping_status":"open","sticky":false,"template":"","format":"standard","meta":{"_monsterinsights_skip_tracking":false,"_monsterinsights_sitenote_active":false,"_monsterinsights_sitenote_note":"","_monsterinsights_sitenote_category":0,"_uf_show_specific_survey":0,"_uf_disable_surveys":false,"footnotes":""},"categories":[8,1,14],"tags":[],"class_list":["post-996","post","type-post","status-publish","format-standard","has-post-thumbnail","hentry","category-agro","category-news","category-politica-agro"],"_links":{"self":[{"href":"https:\/\/agromt.news\/index.php?rest_route=\/wp\/v2\/posts\/996"}],"collection":[{"href":"https:\/\/agromt.news\/index.php?rest_route=\/wp\/v2\/posts"}],"about":[{"href":"https:\/\/agromt.news\/index.php?rest_route=\/wp\/v2\/types\/post"}],"author":[{"embeddable":true,"href":"https:\/\/agromt.news\/index.php?rest_route=\/wp\/v2\/users\/1"}],"replies":[{"embeddable":true,"href":"https:\/\/agromt.news\/index.php?rest_route=%2Fwp%2Fv2%2Fcomments&post=996"}],"version-history":[{"count":0,"href":"https:\/\/agromt.news\/index.php?rest_route=\/wp\/v2\/posts\/996\/revisions"}],"wp:featuredmedia":[{"embeddable":true,"href":"https:\/\/agromt.news\/index.php?rest_route=\/wp\/v2\/media\/997"}],"wp:attachment":[{"href":"https:\/\/agromt.news\/index.php?rest_route=%2Fwp%2Fv2%2Fmedia&parent=996"}],"wp:term":[{"taxonomy":"category","embeddable":true,"href":"https:\/\/agromt.news\/index.php?rest_route=%2Fwp%2Fv2%2Fcategories&post=996"},{"taxonomy":"post_tag","embeddable":true,"href":"https:\/\/agromt.news\/index.php?rest_route=%2Fwp%2Fv2%2Ftags&post=996"}],"curies":[{"name":"wp","href":"https:\/\/api.w.org\/{rel}","templated":true}]}}