{"id":994,"date":"2024-08-31T22:33:28","date_gmt":"2024-09-01T02:33:28","guid":{"rendered":"https:\/\/agromt.news\/?p=994"},"modified":"2024-08-31T22:33:28","modified_gmt":"2024-09-01T02:33:28","slug":"arroz-ainda-esta-caro-para-o-consumidor-diz-ministro-paulo-teixeira","status":"publish","type":"post","link":"https:\/\/agromt.news\/?p=994","title":{"rendered":"Arroz ainda est\u00e1 caro para o consumidor, diz ministro Paulo Teixeira"},"content":{"rendered":"<p> <br \/>\n<br \/><img decoding=\"async\" src=\"https:\/\/agromt.news\/wp-content\/uploads\/2024\/08\/Arroz-ainda-esta-caro-para-o-consumidor-diz-ministro-Paulo.jpg\" \/><\/p>\n<div>\n<p>O ministro do Desenvolvimento Agr\u00e1rio e Agricultura Familiar, Paulo Teixeira, voltou a afirmar que os pre\u00e7os do arroz praticados no mercado nacional est\u00e3o acima do patamar considerado adequado pelo governo.<\/p>\n<p>\u201cAcho que o pre\u00e7o ao consumidor tem de melhorar. <a href=\"https:\/\/www.canalrural.com.br\/agricultura\/lula-diz-que-esta-no-pe-do-ministro-da-agricultura-para-baixar-o-preco-do-arroz\/\"><strong>Est\u00e1 caro ainda<\/strong><\/a>\u201c, disse Teixeira a jornalistas nos bastidores da <a href=\"https:\/\/www.canalrural.com.br\/mapa-interativo-da-expointer-2024\/\"><strong>Expointer<\/strong><\/a>, feira agropecu\u00e1ria realizada em Esteio, no Rio Grande do Sul.<\/p>\n<p>H\u00e1 uma semana, o ministro havia dito que o governo entende que o pre\u00e7o adequado do arroz no mercado nacional estaria em <strong>R$ 90 a R$ 100<\/strong> por saca ao produtor. O indicador de pre\u00e7o pago ao produtor Cepea\/Irga subiu 1,42% em um m\u00eas, atingindo na \u00faltima sexta (30) R$ 118,14 por saca.<\/p>\n<\/div>\n<div>\n<p>\u201cFaremos nova reuni\u00e3o com produtores na semana que vem para manter o pre\u00e7o do arroz a um valor acess\u00edvel\u201d, afirmou o ministro.<\/p>\n<h2>Novo leil\u00e3o de arroz?<\/h2>\n<p>N\u00e3o est\u00e1 no \u201chorizonte\u201d do governo realizar novo leil\u00e3o para compra p\u00fablica de arroz, dado o acordo firmado de monitoramento de pre\u00e7os com produtores de arroz e ind\u00fastria, diz Teixeira.<\/p>\n<p>\u201cTeremos um cen\u00e1rio de aumento da produ\u00e7\u00e3o de arroz no Brasil no Centro-Oeste e at\u00e9 mesmo no Rio Grande do Sul\u201d, destacou, citando uma nova cultivar da <a href=\"https:\/\/www.embrapa.br\/\"><strong>Embrapa<\/strong><\/a>.<\/p>\n<p>Teixeira tamb\u00e9m comentou sobre a escolha de Arnoldo Campos para a Diretoria Executiva de Opera\u00e7\u00f5es e Abastecimento da Companhia Nacional de Abastecimento (Conab), chancelada na \u00faltima quarta-feira pelo Conselho de Administra\u00e7\u00e3o da companhia.<\/p>\n<p>\u201cArnoldo \u00e9 um grande t\u00e9cnico. Foi quem construiu no in\u00edcio o Programa de Aquisi\u00e7\u00e3o de Alimentos (PAA), o Programa Nacional de Alimenta\u00e7\u00e3o Escolar (Pnae) e as compras institucionais. Talvez ele esteja entre os maiores especialistas em abastecimento do Brasil\u201d, avaliou.<\/p>\n<p>Segundo o ministro, a escolha de Campos foi uma decis\u00e3o de consenso entre MDA, Minist\u00e9rio da Agricultura e dire\u00e7\u00e3o da Conab.<\/p>\n<\/div>\n<p><br \/>\n<br \/><a href=\"https:\/\/www.canalrural.com.br\/economia\/arroz-ainda-esta-caro-para-consumidor-diz-ministro-paulo-teixeira\/\">Source link <\/a><\/p>\n","protected":false},"excerpt":{"rendered":"<p>O ministro do Desenvolvimento Agr\u00e1rio e Agricultura Familiar, Paulo Teixeira, voltou a afirmar que os pre\u00e7os do arroz praticados no<\/p>\n","protected":false},"author":1,"featured_media":995,"comment_status":"open","ping_status":"open","sticky":false,"template":"","format":"standard","meta":{"_monsterinsights_skip_tracking":false,"_monsterinsights_sitenote_active":false,"_monsterinsights_sitenote_note":"","_monsterinsights_sitenote_category":0,"_uf_show_specific_survey":0,"_uf_disable_surveys":false,"footnotes":""},"categories":[1],"tags":[],"class_list":["post-994","post","type-post","status-publish","format-standard","has-post-thumbnail","hentry","category-news"],"_links":{"self":[{"href":"https:\/\/agromt.news\/index.php?rest_route=\/wp\/v2\/posts\/994"}],"collection":[{"href":"https:\/\/agromt.news\/index.php?rest_route=\/wp\/v2\/posts"}],"about":[{"href":"https:\/\/agromt.news\/index.php?rest_route=\/wp\/v2\/types\/post"}],"author":[{"embeddable":true,"href":"https:\/\/agromt.news\/index.php?rest_route=\/wp\/v2\/users\/1"}],"replies":[{"embeddable":true,"href":"https:\/\/agromt.news\/index.php?rest_route=%2Fwp%2Fv2%2Fcomments&post=994"}],"version-history":[{"count":0,"href":"https:\/\/agromt.news\/index.php?rest_route=\/wp\/v2\/posts\/994\/revisions"}],"wp:featuredmedia":[{"embeddable":true,"href":"https:\/\/agromt.news\/index.php?rest_route=\/wp\/v2\/media\/995"}],"wp:attachment":[{"href":"https:\/\/agromt.news\/index.php?rest_route=%2Fwp%2Fv2%2Fmedia&parent=994"}],"wp:term":[{"taxonomy":"category","embeddable":true,"href":"https:\/\/agromt.news\/index.php?rest_route=%2Fwp%2Fv2%2Fcategories&post=994"},{"taxonomy":"post_tag","embeddable":true,"href":"https:\/\/agromt.news\/index.php?rest_route=%2Fwp%2Fv2%2Ftags&post=994"}],"curies":[{"name":"wp","href":"https:\/\/api.w.org\/{rel}","templated":true}]}}