{"id":9936,"date":"2025-02-21T11:08:26","date_gmt":"2025-02-21T15:08:26","guid":{"rendered":"https:\/\/agromt.news\/?p=9936"},"modified":"2025-02-21T11:08:26","modified_gmt":"2025-02-21T15:08:26","slug":"nao-podemos-continuar-fazendo-equalizacao-sem-orcamento-aprovado-diz-favaro","status":"publish","type":"post","link":"https:\/\/agromt.news\/?p=9936","title":{"rendered":"&#8216;N\u00e3o podemos continuar fazendo equaliza\u00e7\u00e3o sem or\u00e7amento aprovado&#8217;, diz F\u00e1varo"},"content":{"rendered":"<p> <br \/>\n<br \/><img decoding=\"async\" src=\"https:\/\/agromt.news\/wp-content\/uploads\/2024\/10\/Mapa-e-Fazenda-unem-forcas-para-impulsionar-produtores-rurais.jpg\" \/><\/p>\n<div>\n<p>O <strong><a href=\"https:\/\/www.canalrural.com.br\/tag\/carlos-f%C3%A1varo\/\">ministro da Agricultura e Pecu\u00e1ria, Carlos F\u00e1varo<\/a><\/strong>, cobrou rapidez do Poder Legislativo para tentar resolver a <strong><a href=\"https:\/\/www.canalrural.com.br\/agricultura\/plano-safra-tesouro-suspende-novas-contratacoes-de-linhas-de-financiamento\/\">suspens\u00e3o de novos financiamentos do Plano Safra 2024\/2025<\/a><\/strong>. O bloqueio ocorre devido \u00e0 divulga\u00e7\u00e3o da nova grade de par\u00e2metros oficial pela Secretaria de Pol\u00edtica Econ\u00f4mica do Minist\u00e9rio da Fazenda e ao recebimento de informa\u00e7\u00f5es atualizadas da previs\u00e3o de gastos com o estoque de opera\u00e7\u00f5es rurais contratadas com equaliza\u00e7\u00e3o de taxas de juros, cujas estimativas de gastos para 2025.<\/p>\n<p>De acordo com o of\u00edcio, houve \u201caumento relevante dos gastos devido \u00e0 forte eleva\u00e7\u00e3o nos \u00edndices econ\u00f4micos que comp\u00f5em os custos das fontes em rela\u00e7\u00e3o aos utilizados na confec\u00e7\u00e3o do Projeto de Lei Or\u00e7ament\u00e1ria (Ploa 2025), ainda em tramita\u00e7\u00e3o no Congresso Nacional\u201d.<\/p>\n<blockquote class=\"wp-block-quote is-layout-flow wp-block-quote-is-layout-flow\">\n<p>\u201cN\u00e3o podemos ser irrespons\u00e1veis e continuar fazendo equaliza\u00e7\u00e3o sem ter um or\u00e7amento aprovado. N\u00f3s estamos com duas situa\u00e7\u00f5es: subiu a Selic e n\u00e3o tem or\u00e7amento aprovado. Tem que ser prudente, respons\u00e1vel e o Congresso precisa ter sensibilidade e votar r\u00e1pido o or\u00e7amento, porque, se n\u00e3o votar, come\u00e7am a ter consequ\u00eancias. O Plano Safra para\u201d, destacou o ministro.<\/p>\n<\/blockquote>\n<\/div>\n<div>\n<p>A medida entra em vigor a partir de hoje (21) e n\u00e3o contempla opera\u00e7\u00f5es de custeio do Programa Nacional de Fortalecimento da Agricultura Familiar (Pronaf). De acordo com o Minist\u00e9rio da Agricultura, a decis\u00e3o afeta todos os programas de investimento. No caso do custeio, ser\u00e3o mantidas as taxas livres e alguns recursos dos dep\u00f3sitos \u00e0 vista (Exigibilidades MCR 6-2).<\/p>\n<h2 class=\"wp-block-heading\" id=\"h-sobre-o-plano-safra\">Sobre o Plano Safra <\/h2>\n<p>O programa foi criado em 2002, na \u00e9poca denominado Plano Agr\u00edcola e Pecu\u00e1rio, e oferece linhas de cr\u00e9dito, incentivos e pol\u00edticas agr\u00edcolas para m\u00e9dios e grandes produtores. Durante o lan\u00e7amento do Plano Safra 2024\/2025, o governo informou que o programa era o maior da hist\u00f3ria do Brasil, com mais R$ 108 bilh\u00f5es em recursos de Letras de Cr\u00e9dito do Agroneg\u00f3cio (LCA), para emiss\u00f5es de C\u00e9dulas do Produto Rural (CPR).<\/p>\n<\/p><\/div>\n<p><br \/>\n<br \/><a href=\"https:\/\/www.canalrural.com.br\/agricultura\/nao-podemos-continuar-fazendo-equalizacao-sem-orcamento-aprovado-diz-favaro\/\">Source link <\/a><\/p>\n","protected":false},"excerpt":{"rendered":"<p>O ministro da Agricultura e Pecu\u00e1ria, Carlos F\u00e1varo, cobrou rapidez do Poder Legislativo para tentar resolver a suspens\u00e3o de novos<\/p>\n","protected":false},"author":1,"featured_media":3283,"comment_status":"open","ping_status":"open","sticky":false,"template":"","format":"standard","meta":{"_monsterinsights_skip_tracking":false,"_monsterinsights_sitenote_active":false,"_monsterinsights_sitenote_note":"","_monsterinsights_sitenote_category":0,"_uf_show_specific_survey":0,"_uf_disable_surveys":false,"footnotes":""},"categories":[1],"tags":[],"class_list":["post-9936","post","type-post","status-publish","format-standard","has-post-thumbnail","hentry","category-news"],"_links":{"self":[{"href":"https:\/\/agromt.news\/index.php?rest_route=\/wp\/v2\/posts\/9936"}],"collection":[{"href":"https:\/\/agromt.news\/index.php?rest_route=\/wp\/v2\/posts"}],"about":[{"href":"https:\/\/agromt.news\/index.php?rest_route=\/wp\/v2\/types\/post"}],"author":[{"embeddable":true,"href":"https:\/\/agromt.news\/index.php?rest_route=\/wp\/v2\/users\/1"}],"replies":[{"embeddable":true,"href":"https:\/\/agromt.news\/index.php?rest_route=%2Fwp%2Fv2%2Fcomments&post=9936"}],"version-history":[{"count":0,"href":"https:\/\/agromt.news\/index.php?rest_route=\/wp\/v2\/posts\/9936\/revisions"}],"wp:featuredmedia":[{"embeddable":true,"href":"https:\/\/agromt.news\/index.php?rest_route=\/wp\/v2\/media\/3283"}],"wp:attachment":[{"href":"https:\/\/agromt.news\/index.php?rest_route=%2Fwp%2Fv2%2Fmedia&parent=9936"}],"wp:term":[{"taxonomy":"category","embeddable":true,"href":"https:\/\/agromt.news\/index.php?rest_route=%2Fwp%2Fv2%2Fcategories&post=9936"},{"taxonomy":"post_tag","embeddable":true,"href":"https:\/\/agromt.news\/index.php?rest_route=%2Fwp%2Fv2%2Ftags&post=9936"}],"curies":[{"name":"wp","href":"https:\/\/api.w.org\/{rel}","templated":true}]}}