{"id":9934,"date":"2025-02-21T10:39:20","date_gmt":"2025-02-21T14:39:20","guid":{"rendered":"https:\/\/agromt.news\/?p=9934"},"modified":"2025-02-21T10:39:20","modified_gmt":"2025-02-21T14:39:20","slug":"suspensao-do-plano-safra-coloca-em-risco-a-seguranca-alimentar-e-a-economia-do-pais","status":"publish","type":"post","link":"https:\/\/agromt.news\/?p=9934","title":{"rendered":"suspens\u00e3o do Plano Safra coloca em risco a seguran\u00e7a alimentar e a economia do pa\u00eds"},"content":{"rendered":"<p> <br \/>\n<br \/><img decoding=\"async\" src=\"https:\/\/agromt.news\/wp-content\/uploads\/2025\/02\/suspensao-do-Plano-Safra-coloca-em-risco-a-seguranca-alimentar.jpg\" \/><\/p>\n<div>\n<p>A <strong><a href=\"https:\/\/www.canalrural.com.br\/agricultura\/plano-safra-tesouro-suspende-novas-contratacoes-de-linhas-de-financiamento\/\">suspens\u00e3o de novas contrata\u00e7\u00f5es de financiamentos subvencionados pelo Plano Safra 2024\/25 anunciadas ontem (20) pelo Tesouro Nacional<\/a><\/strong> continua gerando <strong><a href=\"https:\/\/www.canalrural.com.br\/agricultura\/agronegocio\/suspensao-do-plano-safra-fpa-diz-que-falta-responsabilidade-fiscal-do-governo\/\">rea\u00e7\u00f5es de diversas entidades<\/a><\/strong>. A <strong><a href=\"https:\/\/www.canalrural.com.br\/tag\/faep\/\">Federa\u00e7\u00e3o da Agricultura do Estado do Paran\u00e1 (FAEP)<\/a><\/strong> mostrou preocupa\u00e7\u00e3o com o impacto com a decis\u00e3o do governo federal. A entidade pede a retomada imediata da contrata\u00e7\u00e3o de financiamentos e que os recursos anunciados sejam, efetivamente, liberados para os produtores rurais.<\/p>\n<p>\u201cA suspen\u00e7\u00e3o de novos financiamentos penaliza os agricultores e pecuaristas. \u00c9 uma decis\u00e3o que coloca em risco a seguran\u00e7a alimentar e tamb\u00e9m a economia do pa\u00eds. Afinal, o setor agropecu\u00e1rio \u00e9 um dos principais pilares econ\u00f4micos do Brasil e merece respaldo para continuar com seu desempenho exemplar\u201d, disse o presidente interino do Sistema FAEP, \u00c1gide Eduardo Meneguette.<\/p>\n<p>A suspens\u00e3o foi anunciada nesta quinta-feira (20), por meio de um of\u00edcio assinado pelo secret\u00e1rio do Tesouro Nacional, Rog\u00e9rio Ceron de Oliveira. Um dos motivos apontados pelo secret\u00e1rio \u00e9 o fato de a Proposta de Lei Or\u00e7ament\u00e1ria (PLOA) para o exerc\u00edcio de 2025 ainda n\u00e3o ter sido aprovada pelo Congresso Nacional.<\/p>\n<\/div>\n<div>\n<p>Segundo o Tesouro Nacional, dados da Secretaria de Pol\u00edtica Econ\u00f4mica sobre a previs\u00e3o de gastos com o estoque de opera\u00e7\u00f5es rurais contratadas com equaliza\u00e7\u00e3o de taxas de juros, tiveram como resultado um aumento dos gastos que comp\u00f5em os custos das fontes em rela\u00e7\u00e3o aos utilizados na confec\u00e7\u00e3o do Projeto de Lei Or\u00e7ament\u00e1ria \u2013 Ploa 2025, em tramita\u00e7\u00e3o no Congresso Nacional.<\/p>\n<p>A medida entra em vigor a partir de hoje (21) e n\u00e3o contempla opera\u00e7\u00f5es de custeio do Programa Nacional de Fortalecimento da Agricultura Familiar (Pronaf).<\/p>\n<blockquote class=\"wp-block-quote is-layout-flow wp-block-quote-is-layout-flow\">\n<p>\u201cOs produtores n\u00e3o podem ser prejudicados pela morosidade na aprova\u00e7\u00e3o do Or\u00e7amento da Uni\u00e3o, tampouco pelo direcionamento de recursos insuficientes para atender as demandas do setor. Defendemos a retomada imediata dos financiamentos subvencionados pelo Plano Safra\u201d, acrescenta Meneguette.<\/p>\n<\/blockquote><\/div>\n<p><br \/>\n<br \/><a href=\"https:\/\/www.canalrural.com.br\/agricultura\/faep-suspensao-do-plano-safra-coloca-em-risco-a-seguranca-alimentar-e-a-economia-do-pais\/\">Source link <\/a><\/p>\n","protected":false},"excerpt":{"rendered":"<p>A suspens\u00e3o de novas contrata\u00e7\u00f5es de financiamentos subvencionados pelo Plano Safra 2024\/25 anunciadas ontem (20) pelo Tesouro Nacional continua gerando<\/p>\n","protected":false},"author":1,"featured_media":9935,"comment_status":"open","ping_status":"open","sticky":false,"template":"","format":"standard","meta":{"_monsterinsights_skip_tracking":false,"_monsterinsights_sitenote_active":false,"_monsterinsights_sitenote_note":"","_monsterinsights_sitenote_category":0,"_uf_show_specific_survey":0,"_uf_disable_surveys":false,"footnotes":""},"categories":[1],"tags":[],"class_list":["post-9934","post","type-post","status-publish","format-standard","has-post-thumbnail","hentry","category-news"],"_links":{"self":[{"href":"https:\/\/agromt.news\/index.php?rest_route=\/wp\/v2\/posts\/9934"}],"collection":[{"href":"https:\/\/agromt.news\/index.php?rest_route=\/wp\/v2\/posts"}],"about":[{"href":"https:\/\/agromt.news\/index.php?rest_route=\/wp\/v2\/types\/post"}],"author":[{"embeddable":true,"href":"https:\/\/agromt.news\/index.php?rest_route=\/wp\/v2\/users\/1"}],"replies":[{"embeddable":true,"href":"https:\/\/agromt.news\/index.php?rest_route=%2Fwp%2Fv2%2Fcomments&post=9934"}],"version-history":[{"count":0,"href":"https:\/\/agromt.news\/index.php?rest_route=\/wp\/v2\/posts\/9934\/revisions"}],"wp:featuredmedia":[{"embeddable":true,"href":"https:\/\/agromt.news\/index.php?rest_route=\/wp\/v2\/media\/9935"}],"wp:attachment":[{"href":"https:\/\/agromt.news\/index.php?rest_route=%2Fwp%2Fv2%2Fmedia&parent=9934"}],"wp:term":[{"taxonomy":"category","embeddable":true,"href":"https:\/\/agromt.news\/index.php?rest_route=%2Fwp%2Fv2%2Fcategories&post=9934"},{"taxonomy":"post_tag","embeddable":true,"href":"https:\/\/agromt.news\/index.php?rest_route=%2Fwp%2Fv2%2Ftags&post=9934"}],"curies":[{"name":"wp","href":"https:\/\/api.w.org\/{rel}","templated":true}]}}