{"id":9932,"date":"2025-02-21T10:11:27","date_gmt":"2025-02-21T14:11:27","guid":{"rendered":"https:\/\/agromt.news\/?p=9932"},"modified":"2025-02-21T10:11:27","modified_gmt":"2025-02-21T14:11:27","slug":"pagamento-de-credito-rural-emergencial-sera-prorrogado","status":"publish","type":"post","link":"https:\/\/agromt.news\/?p=9932","title":{"rendered":"pagamento de cr\u00e9dito rural emergencial ser\u00e1 prorrogado"},"content":{"rendered":"<p> <br \/>\n<br \/><img decoding=\"async\" src=\"https:\/\/agromt.news\/wp-content\/uploads\/2025\/02\/pagamento-de-credito-rural-emergencial-sera-prorrogado.jpg\" \/><\/p>\n<div>\n<p>O Conselho Monet\u00e1rio Nacional (CMN) decidiu em uma reuni\u00e3o extraordin\u00e1ria realizada nesta quinta-feira (20), prorrogar o prazo de pagamento de parcelas com vencimento previsto para 2025 de opera\u00e7\u00f5es de <strong><a href=\"https:\/\/www.canalrural.com.br\/tag\/cr%C3%A9dito-rural\/\">cr\u00e9dito rural de uma linha emergencial<\/a><\/strong>. A linha foi criada em fevereiro do ano passado, respondendo aos impactos de uma seca que atingiu munic\u00edpios da \u00e1rea de atua\u00e7\u00e3o da <strong><a href=\"https:\/\/www.canalrural.com.br\/tag\/sudene\/\">Superintend\u00eancia de Desenvolvimento do Nordeste (Sudene)<\/a><\/strong>.<\/p>\n<p>\u201cFica autorizada a prorroga\u00e7\u00e3o, para at\u00e9 um ano ap\u00f3s o t\u00e9rmino do contrato, do pagamento das parcelas com vencimento previsto para 2025 das opera\u00e7\u00f5es de cr\u00e9dito rural contratadas ou renegociadas por agricultores familiares, mini, pequenos e demais produtores rurais ao amparo da Resolu\u00e7\u00e3o CMN n\u00ba 5.120, de 7 de fevereiro de 2024\u201d, diz a resolu\u00e7\u00e3o do CMN, assinada pelo presidente do Banco Central, Gabriel Gal\u00edpolo.<\/p>\n<\/div>\n<div>\n<p>Para ter direito \u00e0 prorroga\u00e7\u00e3o, o mutu\u00e1rio tem de solicit\u00e1-la at\u00e9 o dia 30 de junho deste ano e justificar a dificuldade para o pagamento das parcelas em 2025.<\/p>\n<p>A linha emergencial criada pelo conselho no ano passado tem recursos do Fundo Constitucional de Financiamento do Nordeste (FNE). Era destinada a agricultores familiares, mini e pequenos produtores rurais que sofreram preju\u00edzos com a seca ou estiagem. <\/p>\n<p>A Sudene abrange os Estados do Maranh\u00e3o, Piau\u00ed, Cear\u00e1, Rio Grande do Norte, Para\u00edba, Pernambuco, Alagoas, Sergipe, Bahia, 249 munic\u00edpios de Minas Gerais e 31 munic\u00edpios do Esp\u00edrito Santo.<\/p>\n<\/p><\/div>\n<p><br \/>\n<br \/><a href=\"https:\/\/www.canalrural.com.br\/agricultura\/seca-em-2024-cmn-prorroga-prazo-de-pagamento-de-credito-rural-contratado-em-linha-emergencial\/\">Source link <\/a><\/p>\n","protected":false},"excerpt":{"rendered":"<p>O Conselho Monet\u00e1rio Nacional (CMN) decidiu em uma reuni\u00e3o extraordin\u00e1ria realizada nesta quinta-feira (20), prorrogar o prazo de pagamento de<\/p>\n","protected":false},"author":1,"featured_media":9933,"comment_status":"open","ping_status":"open","sticky":false,"template":"","format":"standard","meta":{"_monsterinsights_skip_tracking":false,"_monsterinsights_sitenote_active":false,"_monsterinsights_sitenote_note":"","_monsterinsights_sitenote_category":0,"_uf_show_specific_survey":0,"_uf_disable_surveys":false,"footnotes":""},"categories":[1],"tags":[],"class_list":["post-9932","post","type-post","status-publish","format-standard","has-post-thumbnail","hentry","category-news"],"_links":{"self":[{"href":"https:\/\/agromt.news\/index.php?rest_route=\/wp\/v2\/posts\/9932"}],"collection":[{"href":"https:\/\/agromt.news\/index.php?rest_route=\/wp\/v2\/posts"}],"about":[{"href":"https:\/\/agromt.news\/index.php?rest_route=\/wp\/v2\/types\/post"}],"author":[{"embeddable":true,"href":"https:\/\/agromt.news\/index.php?rest_route=\/wp\/v2\/users\/1"}],"replies":[{"embeddable":true,"href":"https:\/\/agromt.news\/index.php?rest_route=%2Fwp%2Fv2%2Fcomments&post=9932"}],"version-history":[{"count":0,"href":"https:\/\/agromt.news\/index.php?rest_route=\/wp\/v2\/posts\/9932\/revisions"}],"wp:featuredmedia":[{"embeddable":true,"href":"https:\/\/agromt.news\/index.php?rest_route=\/wp\/v2\/media\/9933"}],"wp:attachment":[{"href":"https:\/\/agromt.news\/index.php?rest_route=%2Fwp%2Fv2%2Fmedia&parent=9932"}],"wp:term":[{"taxonomy":"category","embeddable":true,"href":"https:\/\/agromt.news\/index.php?rest_route=%2Fwp%2Fv2%2Fcategories&post=9932"},{"taxonomy":"post_tag","embeddable":true,"href":"https:\/\/agromt.news\/index.php?rest_route=%2Fwp%2Fv2%2Ftags&post=9932"}],"curies":[{"name":"wp","href":"https:\/\/api.w.org\/{rel}","templated":true}]}}