{"id":9929,"date":"2025-02-21T09:41:08","date_gmt":"2025-02-21T13:41:08","guid":{"rendered":"https:\/\/agromt.news\/?p=9929"},"modified":"2025-02-21T09:41:08","modified_gmt":"2025-02-21T13:41:08","slug":"exportacoes-do-agro-mineiro-crescem-18-mas-soja-despenca","status":"publish","type":"post","link":"https:\/\/agromt.news\/?p=9929","title":{"rendered":"Exporta\u00e7\u00f5es do agro mineiro crescem 18%, mas soja despenca"},"content":{"rendered":"<p> <br \/>\n<\/p>\n<div>\n<p style=\"text-align:justify\">As exporta\u00e7\u00f5es do agroneg\u00f3cio de Minas Gerais alcan\u00e7aram US$ 1,3 bilh\u00e3o em janeiro de 2025, um crescimento de 18,1% em rela\u00e7\u00e3o ao mesmo per\u00edodo do ano anterior. Os dados s\u00e3o da Secretaria de Estado de Agricultura, Pecu\u00e1ria e Abastecimento (Seapa-MG) e mostram que o setor representou 44% das exporta\u00e7\u00f5es totais do estado.&#13;\n<\/p>\n<p style=\"text-align:justify\">No entanto, o volume exportado caiu 29,5%, atingindo 684 mil toneladas. Os produtos mineiros foram enviados para 142 pa\u00edses, com destaque para Estados Unidos (13%), China (10,2%), Alemanha (10%), B\u00e9lgica (8,1%) e It\u00e1lia (5,4%).<\/p>\n<p style=\"text-align:justify\">O <a href=\"https:\/\/www.agrolink.com.br\/culturas\/cafe\/?utm_source=agrolink-detalhe-noticia&amp;utm_medium=detalhe-noticia&amp;utm_campaign=links-internos\" target=\"_blank\" rel=\"noopener\">caf\u00e9<\/a>\u00a0manteve sua posi\u00e7\u00e3o dominante, representando 72% da receita do agro mineiro. Em janeiro, a commodity gerou US$ 971,8 milh\u00f5es, um aumento expressivo de 70% no faturamento. O volume embarcado foi de 2,9 milh\u00f5es de sacas, um crescimento modesto de 4%.<\/p>\n<p style=\"text-align:justify\">O setor de carnes faturou US$ 113,2 milh\u00f5es, um aumento de 4,5%. A carne bovina segue como o principal item do segmento, com US$ 73 milh\u00f5es em receita e 15 mil toneladas exportadas. No entanto, as vendas recuaram, influenciadas pela queda na demanda da China e Hong Kong, principais mercados consumidores, e pelo aumento da procura no mercado interno.&#13;\n<\/p>\n<p style=\"text-align:justify\">J\u00e1 a carne de frango teve alta nas exporta\u00e7\u00f5es, totalizando US$ 32 milh\u00f5es e 16 mil toneladas, impulsionada pelo aumento da demanda externa. A carne su\u00edna tamb\u00e9m manteve desempenho positivo, com US$ 7 milh\u00f5es e 3 mil toneladas embarcadas.<\/p>\n<p style=\"text-align:justify\">Enquanto as carnes registraram avan\u00e7os, o complexo da <a href=\"https:\/\/www.agrolink.com.br\/culturas\/soja?utm_source=agrolink-detalhe-noticia&amp;utm_medium=detalhe-noticia&amp;utm_campaign=links-internos\" target=\"_blank\" rel=\"noopener\">soja<\/a> teve forte retra\u00e7\u00e3o. A receita foi de US$ 16 milh\u00f5es, uma queda de 80,2%, e o volume exportado caiu 76,1%, atingindo 33 mil toneladas. Essa baixa foi influenciada por fatores clim\u00e1ticos e pela redu\u00e7\u00e3o de 242% nas compras da China, \u00fanico comprador no per\u00edodo. Por outro lado, os produtos florestais tiveram um crescimento de 12,1%, alcan\u00e7ando US$ 97 milh\u00f5es em receita.<\/p>\n<\/p><\/div>\n<p><script data-cfasync=\"false\">\n    !function (f, b, e, v, n, t, s) {\n        if (f.fbq) return; n = f.fbq = function () {\n            n.callMethod ?\n                n.callMethod.apply(n, arguments) : n.queue.push(arguments)\n        };\n        if (!f._fbq) f._fbq = n; n.push = n; n.loaded = !0; n.version = '2.0';\n        n.queue = []; t = b.createElement(e); t.async = !0;\n        t.src = v; s = b.getElementsByTagName(e)[0];\n        s.parentNode.insertBefore(t, s)\n    }(window, document, 'script',\n        'https:\/\/connect.facebook.net\/en_US\/fbevents.js');\n    fbq('init', '522546078623747');\n    fbq('track', 'PageView');\n<\/script><br \/>\n<br \/><br \/>\n<br \/><a href=\"https:\/\/www.agrolink.com.br\/noticias\/exportacoes-do-agro-mineiro-crescem-18---mas-soja-despenca_499536.html\">Source link <\/a><\/p>\n","protected":false},"excerpt":{"rendered":"<p>As exporta\u00e7\u00f5es do agroneg\u00f3cio de Minas Gerais alcan\u00e7aram US$ 1,3 bilh\u00e3o em janeiro de 2025, um crescimento de 18,1% em<\/p>\n","protected":false},"author":1,"featured_media":1623,"comment_status":"open","ping_status":"open","sticky":false,"template":"","format":"standard","meta":{"_monsterinsights_skip_tracking":false,"_monsterinsights_sitenote_active":false,"_monsterinsights_sitenote_note":"","_monsterinsights_sitenote_category":0,"_uf_show_specific_survey":0,"_uf_disable_surveys":false,"footnotes":""},"categories":[8,1,14],"tags":[],"class_list":["post-9929","post","type-post","status-publish","format-standard","has-post-thumbnail","hentry","category-agro","category-news","category-politica-agro"],"_links":{"self":[{"href":"https:\/\/agromt.news\/index.php?rest_route=\/wp\/v2\/posts\/9929"}],"collection":[{"href":"https:\/\/agromt.news\/index.php?rest_route=\/wp\/v2\/posts"}],"about":[{"href":"https:\/\/agromt.news\/index.php?rest_route=\/wp\/v2\/types\/post"}],"author":[{"embeddable":true,"href":"https:\/\/agromt.news\/index.php?rest_route=\/wp\/v2\/users\/1"}],"replies":[{"embeddable":true,"href":"https:\/\/agromt.news\/index.php?rest_route=%2Fwp%2Fv2%2Fcomments&post=9929"}],"version-history":[{"count":0,"href":"https:\/\/agromt.news\/index.php?rest_route=\/wp\/v2\/posts\/9929\/revisions"}],"wp:featuredmedia":[{"embeddable":true,"href":"https:\/\/agromt.news\/index.php?rest_route=\/wp\/v2\/media\/1623"}],"wp:attachment":[{"href":"https:\/\/agromt.news\/index.php?rest_route=%2Fwp%2Fv2%2Fmedia&parent=9929"}],"wp:term":[{"taxonomy":"category","embeddable":true,"href":"https:\/\/agromt.news\/index.php?rest_route=%2Fwp%2Fv2%2Fcategories&post=9929"},{"taxonomy":"post_tag","embeddable":true,"href":"https:\/\/agromt.news\/index.php?rest_route=%2Fwp%2Fv2%2Ftags&post=9929"}],"curies":[{"name":"wp","href":"https:\/\/api.w.org\/{rel}","templated":true}]}}