{"id":9925,"date":"2025-02-21T08:39:00","date_gmt":"2025-02-21T12:39:00","guid":{"rendered":"https:\/\/agromt.news\/?p=9925"},"modified":"2025-02-21T08:39:00","modified_gmt":"2025-02-21T12:39:00","slug":"fpa-diz-que-falta-responsabilidade-fiscal-do-governo","status":"publish","type":"post","link":"https:\/\/agromt.news\/?p=9925","title":{"rendered":"FPA diz que falta responsabilidade fiscal do governo"},"content":{"rendered":"<p> <br \/>\n<br \/><img decoding=\"async\" src=\"https:\/\/agromt.news\/wp-content\/uploads\/2025\/02\/FPA-diz-que-falta-responsabilidade-fiscal-do-governo.jpeg\" \/><\/p>\n<div>\n<p>Diante da <strong><a href=\"https:\/\/www.canalrural.com.br\/agricultura\/plano-safra-tesouro-suspende-novas-contratacoes-de-linhas-de-financiamento\/\">suspens\u00e3o de novas contrata\u00e7\u00f5es de financiamentos subvencionados pelo Plano Safra 2024\/25 anunciadas ontem (20) pelo Tesouro Nacional<\/a><\/strong>, a <strong><a href=\"https:\/\/www.canalrural.com.br\/tag\/fpa\/\">Frente Parlamentar da Agropecu\u00e1ria (FPA)<\/a><\/strong> divulgou uma nota repudiando o cancelamento. No documento, a entidade critica a medida, dando \u00eanfase a aus\u00eancia de controle do governo na gest\u00e3o dos gastos p\u00fablicos e no aumento de juros.<\/p>\n<blockquote class=\"wp-block-quote is-layout-flow wp-block-quote-is-layout-flow\">\n<p>\u201cA suspens\u00e3o das linhas de cr\u00e9dito rural do Plano Safra 24\/25 resulta do aumento da taxa Selic de 10,50% em julho de 2024 para 13,25% em janeiro de 2025, impulsionado pela falta de responsabilidade fiscal do governo e pela desvaloriza\u00e7\u00e3o da moeda\u201d, diz a nota.<\/p>\n<\/blockquote>\n<p>De acordo com o secret\u00e1rio do Tesouro, Rog\u00e9rio Ceron, dados da Secretaria de Pol\u00edtica Econ\u00f4mica sobre a previs\u00e3o de gastos com o estoque de opera\u00e7\u00f5es rurais contratadas com equaliza\u00e7\u00e3o de taxas de juros, tiveram como resultado um aumento dos gastos que comp\u00f5em os custos das fontes em rela\u00e7\u00e3o aos utilizados na confec\u00e7\u00e3o do Projeto de Lei Or\u00e7ament\u00e1ria \u2013 Ploa 2025, em tramita\u00e7\u00e3o no Congresso Nacional.<\/p>\n<p>A FPA rebateu a informa\u00e7\u00e3o. \u201cCulpar o Congresso Nacional pela pr\u00f3pria incapacidade de gest\u00e3o dos gastos p\u00fablicos n\u00e3o resolver\u00e1 o problema. A m\u00e1 gest\u00e3o impacta no aumento dos juros e impede a implementa\u00e7\u00e3o total dos recursos necess\u00e1rios\u201d, informa a nota.<\/p>\n<p>Segundo a Frente, o plano atual foi aprovado no or\u00e7amento de 2023 e anunciado como \u201co maior Plano Safra da hist\u00f3ria\u201d. Entretanto, no momento em que os produtores ainda colhem a primeira safra e iniciam o plantio da pr\u00f3xima, os recursos esgotaram.<\/p>\n<\/div>\n<div>\n<blockquote class=\"wp-block-quote is-layout-flow wp-block-quote-is-layout-flow\">\n<p>\u201cO setor privado j\u00e1 aporta R$ 1 trilh\u00e3o na produ\u00e7\u00e3o agropecu\u00e1ria. O governo federal atua apenas como complemento, subsidiando parte dos financiamentos. Apesar disso, a falta de controle or\u00e7ament\u00e1rio impede um planejamento eficiente\u201d, complementa a FPA.<\/p>\n<\/blockquote>\n<h2 class=\"wp-block-heading\" id=\"h-impactos\">Impactos<\/h2>\n<p>Itens da cesta b\u00e1sica, como prote\u00ednas e ovos, t\u00eam seus custos de produ\u00e7\u00e3o diretamente afetados, pois as ra\u00e7\u00f5es utilizadas para alimentar os animais s\u00e3o produzidas a partir de gr\u00e3os, culturas que, consequentemente, sofrem com a falta de recursos.<\/p>\n<p>A medida entra em vigor a partir de hoje (21) e n\u00e3o contempla opera\u00e7\u00f5es de custeio do Programa Nacional de Fortalecimento da Agricultura Familiar (Pronaf).<\/p>\n<p>A FPA afirmou que mant\u00e9m o compromisso com os produtores com intuito de que todos os brasileiros tenham acesso a comida barata e que seguir\u00e1 cobrando o governo por pol\u00edticas p\u00fablicas adequadas para o restabelecimento do cr\u00e9dito rural.<\/p>\n<\/p><\/div>\n<p><br \/>\n<br \/><a href=\"https:\/\/www.canalrural.com.br\/agricultura\/agronegocio\/suspensao-do-plano-safra-fpa-diz-que-falta-responsabilidade-fiscal-do-governo\/\">Source link <\/a><\/p>\n","protected":false},"excerpt":{"rendered":"<p>Diante da suspens\u00e3o de novas contrata\u00e7\u00f5es de financiamentos subvencionados pelo Plano Safra 2024\/25 anunciadas ontem (20) pelo Tesouro Nacional, a<\/p>\n","protected":false},"author":1,"featured_media":9926,"comment_status":"open","ping_status":"open","sticky":false,"template":"","format":"standard","meta":{"_monsterinsights_skip_tracking":false,"_monsterinsights_sitenote_active":false,"_monsterinsights_sitenote_note":"","_monsterinsights_sitenote_category":0,"_uf_show_specific_survey":0,"_uf_disable_surveys":false,"footnotes":""},"categories":[1],"tags":[],"class_list":["post-9925","post","type-post","status-publish","format-standard","has-post-thumbnail","hentry","category-news"],"_links":{"self":[{"href":"https:\/\/agromt.news\/index.php?rest_route=\/wp\/v2\/posts\/9925"}],"collection":[{"href":"https:\/\/agromt.news\/index.php?rest_route=\/wp\/v2\/posts"}],"about":[{"href":"https:\/\/agromt.news\/index.php?rest_route=\/wp\/v2\/types\/post"}],"author":[{"embeddable":true,"href":"https:\/\/agromt.news\/index.php?rest_route=\/wp\/v2\/users\/1"}],"replies":[{"embeddable":true,"href":"https:\/\/agromt.news\/index.php?rest_route=%2Fwp%2Fv2%2Fcomments&post=9925"}],"version-history":[{"count":0,"href":"https:\/\/agromt.news\/index.php?rest_route=\/wp\/v2\/posts\/9925\/revisions"}],"wp:featuredmedia":[{"embeddable":true,"href":"https:\/\/agromt.news\/index.php?rest_route=\/wp\/v2\/media\/9926"}],"wp:attachment":[{"href":"https:\/\/agromt.news\/index.php?rest_route=%2Fwp%2Fv2%2Fmedia&parent=9925"}],"wp:term":[{"taxonomy":"category","embeddable":true,"href":"https:\/\/agromt.news\/index.php?rest_route=%2Fwp%2Fv2%2Fcategories&post=9925"},{"taxonomy":"post_tag","embeddable":true,"href":"https:\/\/agromt.news\/index.php?rest_route=%2Fwp%2Fv2%2Ftags&post=9925"}],"curies":[{"name":"wp","href":"https:\/\/api.w.org\/{rel}","templated":true}]}}