{"id":9920,"date":"2025-02-21T04:52:39","date_gmt":"2025-02-21T08:52:39","guid":{"rendered":"https:\/\/agromt.news\/?p=9920"},"modified":"2025-02-21T04:52:39","modified_gmt":"2025-02-21T08:52:39","slug":"pancadas-fortes-de-chuva-podem-colocar-capitais-em-alerta-veja-a-previsao-de-hoje","status":"publish","type":"post","link":"https:\/\/agromt.news\/?p=9920","title":{"rendered":"Pancadas fortes de chuva podem colocar capitais em alerta; veja a previs\u00e3o de hoje"},"content":{"rendered":"<p> <br \/>\n<br \/><img decoding=\"async\" src=\"https:\/\/agromt.news\/wp-content\/uploads\/2025\/02\/Pancadas-fortes-de-chuva-podem-colocar-capitais-em-alerta-veja.jpg\" \/><\/p>\n<div>\n<p>Veja como ficar\u00e1 o tempo nas cinco regi\u00f5es brasileiras nesta sexta-feira: tem muita chuva e tempo abafado.<\/p>\n<h2 class=\"wp-block-heading\" id=\"h-sul\">Sul<\/h2>\n<p>A semana termina ainda mais inst\u00e1vel na Regi\u00e3o Sul do pa\u00eds por conta da circula\u00e7\u00e3o de ventos. A chuva acontece em v\u00e1rios momentos do dia na regi\u00e3o central, oeste e da Campanha Ga\u00facha. Tem previs\u00e3o para temporais em Bag\u00e9, Santa Maria e em Pelotas, todos no <strong><a href=\"https:\/\/www.canalrural.com.br\/nacional\/rio-grande-do-sul\/\">Rio Grande do Sul<\/a><\/strong>. Porto Alegre ter\u00e1 um dia bem quente e com pancadas mais r\u00e1pidas \u00e0 tarde. No Paran\u00e1 e em Santa Catarina, a chuva \u00e9 isolada, mas mesmo assim pode vir forte em alguns momentos. Curitiba e Florian\u00f3polis ter\u00e3o m\u00e1ximas mais altas, chegando aos 30 graus e chuva \u00e0 tarde.<\/p>\n<h2 class=\"wp-block-heading\" id=\"h-sudeste\">Sudeste<\/h2>\n<p>A semana termina ainda sob influ\u00eancia do sistema de alta press\u00e3o que inibe a forma\u00e7\u00e3o de nuvens carregadas em Minas Gerais, no Rio de Janeiro, Esp\u00edrito Santo e no norte de S\u00e3o Paulo. As temperaturas nessas \u00e1reas disparam \u00e0 tarde e a umidade cai. Assim, os \u00edndices ficam entre os 25 e 30% nas horas mais quentes do dia. Nas regi\u00f5es oeste, central, regi\u00e3o metropolitana e litoral paulista, pancadas mais isoladas e r\u00e1pidas \u00e0 tarde, n\u00e3o descartando volumes mais expressivos no litoral sul.<\/p>\n<\/div>\n<div>\n<h2 class=\"wp-block-heading\" id=\"h-centro-oeste\">Centro-Oeste<\/h2>\n<p>A semana termina com os volumes de chuva diminuindo na Regi\u00e3o Centro-Oeste e a temperatura disparando \u00e0 tarde. Em Mato Grosso do Sul e nas regi\u00f5es norte e oeste de Mato Grosso, a chuva se concentra \u00e0 tarde. S\u00e3o pancadas t\u00edpicas da esta\u00e7\u00e3o, com curta dura\u00e7\u00e3o e com at\u00e9 forte intensidade. Em Campo Grande e em Cuiab\u00e1, tempo bem abafado, com essa chuva acontecendo mais no fim do dia. Goi\u00e2nia e Bras\u00edlia continuam com tempo est\u00e1vel, sem previs\u00e3o de chuva.<\/p>\n<h2 class=\"wp-block-heading\" id=\"h-nordeste\">Nordeste<\/h2>\n<p>A aproxima\u00e7\u00e3o da Zona de Converg\u00eancia Intertropical (ZCIT) aumenta a chuva sobre Maranh\u00e3o, Piau\u00ed, Cear\u00e1 e Rio Grande do Norte. As instabilidades se formam a qualquer momento do dia, com alerta para alto volume de chuva nas capitais S\u00e3o Lu\u00eds, Teresina, Fortaleza e Natal. N\u00e3o s\u00e3o descartados pontos de alagamentos, enchentes e enxurradas. Entre Jo\u00e3o Pessoa e Salvador, a chuva \u00e9 passageira, acontecendo entre a madrugada e manh\u00e3. \u00c0 tarde, o sol predomina e a temperatura sobe rapidamente. No interior da Bahia, o tempo continua est\u00e1vel e com alerta para baixa umidade do ar.<\/p>\n<h2 class=\"wp-block-heading\" id=\"h-norte\">Norte<\/h2>\n<p>A aproxima\u00e7\u00e3o da ZCIT tamb\u00e9m aumenta a chuva no Amap\u00e1 e no Par\u00e1. As instabilidades se formam em v\u00e1rios momentos do dia e os acumulados s\u00e3o bem altos, principalmente nas regi\u00f5es litor\u00e2neas. Em Bel\u00e9m e em Macap\u00e1, h\u00e1 alerta para temporais e alagamentos. Chove sobre todos os estados da Regi\u00e3o, com volumes expressivos tamb\u00e9m no Amazonas, Acre e norte de Rond\u00f4nia. No Tocantins, a chuva continua concentrada na metade norte do estado, enquanto as pancadas s\u00e3o mais passageiras e isoladas na regi\u00e3o metropolitana.<\/p>\n<\/p><\/div>\n<p><br \/>\n<br \/><a href=\"https:\/\/www.canalrural.com.br\/tempo\/pancadas-fortes-de-chuva-podem-colocar-capitais-em-alerta-veja-a-previsao-de-hoje\/\">Source link <\/a><\/p>\n","protected":false},"excerpt":{"rendered":"<p>Veja como ficar\u00e1 o tempo nas cinco regi\u00f5es brasileiras nesta sexta-feira: tem muita chuva e tempo abafado. Sul A semana<\/p>\n","protected":false},"author":1,"featured_media":9921,"comment_status":"open","ping_status":"open","sticky":false,"template":"","format":"standard","meta":{"_monsterinsights_skip_tracking":false,"_monsterinsights_sitenote_active":false,"_monsterinsights_sitenote_note":"","_monsterinsights_sitenote_category":0,"_uf_show_specific_survey":0,"_uf_disable_surveys":false,"footnotes":""},"categories":[1],"tags":[],"class_list":["post-9920","post","type-post","status-publish","format-standard","has-post-thumbnail","hentry","category-news"],"_links":{"self":[{"href":"https:\/\/agromt.news\/index.php?rest_route=\/wp\/v2\/posts\/9920"}],"collection":[{"href":"https:\/\/agromt.news\/index.php?rest_route=\/wp\/v2\/posts"}],"about":[{"href":"https:\/\/agromt.news\/index.php?rest_route=\/wp\/v2\/types\/post"}],"author":[{"embeddable":true,"href":"https:\/\/agromt.news\/index.php?rest_route=\/wp\/v2\/users\/1"}],"replies":[{"embeddable":true,"href":"https:\/\/agromt.news\/index.php?rest_route=%2Fwp%2Fv2%2Fcomments&post=9920"}],"version-history":[{"count":0,"href":"https:\/\/agromt.news\/index.php?rest_route=\/wp\/v2\/posts\/9920\/revisions"}],"wp:featuredmedia":[{"embeddable":true,"href":"https:\/\/agromt.news\/index.php?rest_route=\/wp\/v2\/media\/9921"}],"wp:attachment":[{"href":"https:\/\/agromt.news\/index.php?rest_route=%2Fwp%2Fv2%2Fmedia&parent=9920"}],"wp:term":[{"taxonomy":"category","embeddable":true,"href":"https:\/\/agromt.news\/index.php?rest_route=%2Fwp%2Fv2%2Fcategories&post=9920"},{"taxonomy":"post_tag","embeddable":true,"href":"https:\/\/agromt.news\/index.php?rest_route=%2Fwp%2Fv2%2Ftags&post=9920"}],"curies":[{"name":"wp","href":"https:\/\/api.w.org\/{rel}","templated":true}]}}