{"id":9909,"date":"2025-02-20T19:35:18","date_gmt":"2025-02-20T23:35:18","guid":{"rendered":"https:\/\/agromt.news\/?p=9909"},"modified":"2025-02-20T19:35:18","modified_gmt":"2025-02-20T23:35:18","slug":"produtores-detalham-exemplos-positivos-de-gestao-aplicados-em-propriedades-gauchas","status":"publish","type":"post","link":"https:\/\/agromt.news\/?p=9909","title":{"rendered":"produtores detalham exemplos positivos de gest\u00e3o aplicados em propriedades ga\u00fachas"},"content":{"rendered":"<p> <br \/>\n<\/p>\n<div>\n<p style=\"text-align:justify\">A 35\u00aa Abertura Oficial da Colheita do Arroz e Gr\u00e3os em Terras Baixas foi aberta hoje,18 de fevereiro, na Esta\u00e7\u00e3o Terras Baixas da Embrapa Clima Temperado, em Cap\u00e3o do Le\u00e3o (RS). Com uma programa\u00e7\u00e3o diversificada, que aborda desde desafios da cadeia produtiva e inova\u00e7\u00f5es tecnol\u00f3gicas at\u00e9 oportunidades de mercado, entre outros temas, um dos assuntos destacados neste primeiro dia foi o \u201cPainel de Gest\u00e3o \u2013 Casos de Produtores\u201d.&#13;\n<\/p>\n<p style=\"text-align:justify\">A modera\u00e7\u00e3o foi do presidente da Federa\u00e7\u00e3o das Associa\u00e7\u00f5es de Arrozeiros do Rio Grande do Sul (Federarroz), Alexandre Velho. O dirigente enfatizou a quantidade e qualidade de informa\u00e7\u00f5es que ir\u00e3o circular nos tr\u00eas dias de Abertura Oficial da Colheita do Arroz e Gr\u00e3os em Terras Baixas. \u201cSer\u00e1 uma oportunidade \u00fanica para troca de experi\u00eancias com quase 200 munic\u00edpios participando, mais de 15 estados brasileiros e mais de dez pa\u00edses. E deveremos suplantar este ano as 15 mil pessoas que visitaram a edi\u00e7\u00e3o de 2024\u201d, projetou. Tamb\u00e9m se manifestaram representantes parceiros do evento como o superintendente do Senar no Rio Grande do Sul, Eduardo Condorelli, o presidente da Federa\u00e7\u00e3o da Agricultura do Rio Grande do Sul (Farsul), Gede\u00e3o Pereira, o chefe-geral da Embrapa Clima Temperado, Waldyr Stumpf J\u00fanior.<\/p>\n<p style=\"text-align:justify\">Na sua palestra, o engenheiro agr\u00f4nomo e gestor da Est\u00e2ncia Boa Vista, de Rio Grande (RS), Eduardo Darley Prates, come\u00e7ou descrevendo a propriedade. \u201cS\u00e3o 600 hectares de \u00e1rea de arroz irrigado e 405 hectares de \u00e1rea de soja, e mais 487 hectares que ficaram para a pecu\u00e1ria este ano, porque devido \u00e0s enchentes de maio do ano passado a \u00e1rea que seria para planta\u00e7\u00e3o de arroz n\u00e3o baixou o n\u00edvel e acabou ficando para a pecu\u00e1ria\u201d, recordou. A propriedade trabalha no chamado \u201csistema de ping-pong\u201d, ou seja, 1 ano soja e outro ano arroz, com aproximadamente 550 hectares para cada cultura. Prates detalhou todo o sistema de gest\u00e3o, sobretudo de pessoas e de qualifica\u00e7\u00e3o, bem como t\u00e9cnicas aplicadas na propriedade nos \u00faltimos 15 anos e o correto manejo do solo para permitir o rod\u00edzio entre as culturas de arroz e soja, al\u00e9m de pastagem para pecu\u00e1ria.&#13;\n<\/p>\n<p style=\"text-align:justify\">A segunda palestra foi da diretora executiva da Sementes Costa Beber, de Condor (RS), Ana L\u00facia Beber. A executiva recordou que a empresa familiar come\u00e7ou com produ\u00e7\u00e3o agr\u00edcola, mas que, a partir de 2001, desmembrou a atua\u00e7\u00e3o tamb\u00e9m para multiplica\u00e7\u00e3o de sementes. \u201cUma das a\u00e7\u00f5es que foram muito importantes para nossa escolha sobre gest\u00e3o foi fazer a separa\u00e7\u00e3o dos dois neg\u00f3cios, o que ocorreu a partir de 2018 com dois CNPJs diferentes\u201d, recordou. Ana explicou que houve a necessidade dessa separa\u00e7\u00e3o at\u00e9 para entender o que cada neg\u00f3cio poderia entregar em termos de resultados ou eventuais aten\u00e7\u00f5es especiais que cada atividade poderia necessitar.<\/p>\n<p style=\"text-align:justify\">Na sequ\u00eancia, Ana discorreu sobre as ferramentas espec\u00edficas que precisaram ser adotadas na gest\u00e3o de cada um dos dois neg\u00f3cios. A atividade agr\u00edcola produz soja, milho, trigo, aveia branca e aptid\u00e3o em algumas \u00e1reas para pecu\u00e1ria em oito munic\u00edpios. J\u00e1 a produ\u00e7\u00e3o de sementes \u00e9 distribu\u00edda para seis estados e o Paraguai. Tanto no neg\u00f3cio agr\u00edcola como na produ\u00e7\u00e3o de sementes, Ana destacou conceitos modernos aplicados como gest\u00e3o de pessoas, treinamento, qualifica\u00e7\u00e3o e valoriza\u00e7\u00e3o dos colaboradores que j\u00e1 atuam nas empresas.&#13;\n<\/p>\n<p style=\"text-align:justify\">A 35\u00aa Abertura da Colheita do Arroz e Gr\u00e3os em Terras Baixas \u00e9 uma realiza\u00e7\u00e3o da Federa\u00e7\u00e3o das Associa\u00e7\u00f5es de Arrozeiros do Rio Grande do Sul (Federarroz) e correaliza\u00e7\u00e3o da Empresa Brasileira de Pesquisa Agropecu\u00e1ria ( Embrapa) e do Servi\u00e7o Nacional de Aprendizagem Rural (Senar), al\u00e9m do Patroc\u00ednio Premium do Instituto Rio Grandense do Arroz (Irga). O evento tem como tema \u201cProdu\u00e7\u00e3o de Alimentos no Pampa Ga\u00facho \u2013 Uma Vis\u00e3o de Futuro\u201d.<\/p>\n<\/p><\/div>\n<p><script data-cfasync=\"false\">\n    !function (f, b, e, v, n, t, s) {\n        if (f.fbq) return; n = f.fbq = function () {\n            n.callMethod ?\n                n.callMethod.apply(n, arguments) : n.queue.push(arguments)\n        };\n        if (!f._fbq) f._fbq = n; n.push = n; n.loaded = !0; n.version = '2.0';\n        n.queue = []; t = b.createElement(e); t.async = !0;\n        t.src = v; s = b.getElementsByTagName(e)[0];\n        s.parentNode.insertBefore(t, s)\n    }(window, document, 'script',\n        'https:\/\/connect.facebook.net\/en_US\/fbevents.js');\n    fbq('init', '522546078623747');\n    fbq('track', 'PageView');\n<\/script><br \/>\n<br \/><br \/>\n<br \/><a href=\"https:\/\/www.agrolink.com.br\/noticias\/35--abertura-oficial-da-colheita-do-arroz-e-graos--produtores-detalham-exemplos-positivos-de-gestao-aplicados-em-propriedades-gauchas_499493.html\">Source link <\/a><\/p>\n","protected":false},"excerpt":{"rendered":"<p>A 35\u00aa Abertura Oficial da Colheita do Arroz e Gr\u00e3os em Terras Baixas foi aberta hoje,18 de fevereiro, na Esta\u00e7\u00e3o<\/p>\n","protected":false},"author":1,"featured_media":9910,"comment_status":"open","ping_status":"open","sticky":false,"template":"","format":"standard","meta":{"_monsterinsights_skip_tracking":false,"_monsterinsights_sitenote_active":false,"_monsterinsights_sitenote_note":"","_monsterinsights_sitenote_category":0,"_uf_show_specific_survey":0,"_uf_disable_surveys":false,"footnotes":""},"categories":[8,1,14],"tags":[],"class_list":["post-9909","post","type-post","status-publish","format-standard","has-post-thumbnail","hentry","category-agro","category-news","category-politica-agro"],"_links":{"self":[{"href":"https:\/\/agromt.news\/index.php?rest_route=\/wp\/v2\/posts\/9909"}],"collection":[{"href":"https:\/\/agromt.news\/index.php?rest_route=\/wp\/v2\/posts"}],"about":[{"href":"https:\/\/agromt.news\/index.php?rest_route=\/wp\/v2\/types\/post"}],"author":[{"embeddable":true,"href":"https:\/\/agromt.news\/index.php?rest_route=\/wp\/v2\/users\/1"}],"replies":[{"embeddable":true,"href":"https:\/\/agromt.news\/index.php?rest_route=%2Fwp%2Fv2%2Fcomments&post=9909"}],"version-history":[{"count":0,"href":"https:\/\/agromt.news\/index.php?rest_route=\/wp\/v2\/posts\/9909\/revisions"}],"wp:featuredmedia":[{"embeddable":true,"href":"https:\/\/agromt.news\/index.php?rest_route=\/wp\/v2\/media\/9910"}],"wp:attachment":[{"href":"https:\/\/agromt.news\/index.php?rest_route=%2Fwp%2Fv2%2Fmedia&parent=9909"}],"wp:term":[{"taxonomy":"category","embeddable":true,"href":"https:\/\/agromt.news\/index.php?rest_route=%2Fwp%2Fv2%2Fcategories&post=9909"},{"taxonomy":"post_tag","embeddable":true,"href":"https:\/\/agromt.news\/index.php?rest_route=%2Fwp%2Fv2%2Ftags&post=9909"}],"curies":[{"name":"wp","href":"https:\/\/api.w.org\/{rel}","templated":true}]}}