{"id":9907,"date":"2025-02-20T19:14:01","date_gmt":"2025-02-20T23:14:01","guid":{"rendered":"https:\/\/agromt.news\/?p=9907"},"modified":"2025-02-20T19:14:01","modified_gmt":"2025-02-20T23:14:01","slug":"aviao-de-pequeno-porte-cai-em-plantacao-no-para","status":"publish","type":"post","link":"https:\/\/agromt.news\/?p=9907","title":{"rendered":"Avi\u00e3o de pequeno porte cai em planta\u00e7\u00e3o no Par\u00e1"},"content":{"rendered":"<p> <br \/>\n<br \/><img decoding=\"async\" src=\"https:\/\/agromt.news\/wp-content\/uploads\/2025\/02\/Aviao-de-pequeno-porte-cai-em-plantacao-no-Para.jpg\" \/><\/p>\n<div>\n<p>Na zona rural de Bonito, nordeste do Par\u00e1, um avi\u00e3o de pequeno porte caiu no fim da manh\u00e3 desta quinta-feira (20). <\/p>\n<p>A queda ocorreu no meio de uma planta\u00e7\u00e3o de dend\u00ea, conforme reportagem do G1. Segundo testemunhas, duas pessoas estavam no avi\u00e3o, ficaram feridas e levadas ao Hospital Municipal de Bonito.<\/p>\n<figure class=\"wp-block-embed is-type-rich is-provider-incorporar-manipulador wp-block-embed-incorporar-manipulador wp-embed-aspect-16-9 wp-has-aspect-ratio\">\n<p>\n<iframe title=\"Avi\u00e3o de pequeno porte cai em planta\u00e7\u00e3o no Par\u00e1\" width=\"800\" height=\"450\" src=\"https:\/\/www.youtube.com\/embed\/x-c1S2dmGlY?feature=oembed\" frameborder=\"0\" allow=\"accelerometer; autoplay; clipboard-write; encrypted-media; gyroscope; picture-in-picture; web-share\" referrerpolicy=\"strict-origin-when-cross-origin\" allowfullscreen><\/iframe><noscript><iframe title=\"Avi\u00e3o de pequeno porte cai em planta\u00e7\u00e3o no Par\u00e1\" width=\"800\" height=\"450\" src=\"https:\/\/www.youtube.com\/embed\/x-c1S2dmGlY?feature=oembed\" frameborder=\"0\" allow=\"accelerometer; autoplay; clipboard-write; encrypted-media; gyroscope; picture-in-picture; web-share\" referrerpolicy=\"strict-origin-when-cross-origin\" allowfullscreen><\/iframe><\/noscript>\n<\/p>\n<\/figure>\n<\/div>\n<div>\n<p>Ainda de acordo com testemunhas, um dos ocupantes da aeronave seria um venezuelano. Equipes das pol\u00edcias Civil e militar foram enviadas ao local do acidente, que fica a 13 quil\u00f4metros do centro urbano da cidade.<\/p>\n<p>At\u00e9 o momento, a For\u00e7a A\u00e9rea Brasileira (FAB) n\u00e3o se pronunciou para dar mais detalhes do acidente.  <\/p>\n<\/p><\/div>\n<p><br \/>\n<br \/><a href=\"https:\/\/www.canalrural.com.br\/nacional\/video-aviao-de-pequeno-porte-cai-em-plantacao-no-para\/\">Source link <\/a><\/p>\n","protected":false},"excerpt":{"rendered":"<p>Na zona rural de Bonito, nordeste do Par\u00e1, um avi\u00e3o de pequeno porte caiu no fim da manh\u00e3 desta quinta-feira<\/p>\n","protected":false},"author":1,"featured_media":9908,"comment_status":"open","ping_status":"open","sticky":false,"template":"","format":"standard","meta":{"_monsterinsights_skip_tracking":false,"_monsterinsights_sitenote_active":false,"_monsterinsights_sitenote_note":"","_monsterinsights_sitenote_category":0,"_uf_show_specific_survey":0,"_uf_disable_surveys":false,"footnotes":""},"categories":[1],"tags":[],"class_list":["post-9907","post","type-post","status-publish","format-standard","has-post-thumbnail","hentry","category-news"],"_links":{"self":[{"href":"https:\/\/agromt.news\/index.php?rest_route=\/wp\/v2\/posts\/9907"}],"collection":[{"href":"https:\/\/agromt.news\/index.php?rest_route=\/wp\/v2\/posts"}],"about":[{"href":"https:\/\/agromt.news\/index.php?rest_route=\/wp\/v2\/types\/post"}],"author":[{"embeddable":true,"href":"https:\/\/agromt.news\/index.php?rest_route=\/wp\/v2\/users\/1"}],"replies":[{"embeddable":true,"href":"https:\/\/agromt.news\/index.php?rest_route=%2Fwp%2Fv2%2Fcomments&post=9907"}],"version-history":[{"count":0,"href":"https:\/\/agromt.news\/index.php?rest_route=\/wp\/v2\/posts\/9907\/revisions"}],"wp:featuredmedia":[{"embeddable":true,"href":"https:\/\/agromt.news\/index.php?rest_route=\/wp\/v2\/media\/9908"}],"wp:attachment":[{"href":"https:\/\/agromt.news\/index.php?rest_route=%2Fwp%2Fv2%2Fmedia&parent=9907"}],"wp:term":[{"taxonomy":"category","embeddable":true,"href":"https:\/\/agromt.news\/index.php?rest_route=%2Fwp%2Fv2%2Fcategories&post=9907"},{"taxonomy":"post_tag","embeddable":true,"href":"https:\/\/agromt.news\/index.php?rest_route=%2Fwp%2Fv2%2Ftags&post=9907"}],"curies":[{"name":"wp","href":"https:\/\/api.w.org\/{rel}","templated":true}]}}