{"id":990,"date":"2024-08-31T18:46:13","date_gmt":"2024-08-31T22:46:13","guid":{"rendered":"https:\/\/agromt.news\/?p=990"},"modified":"2024-08-31T18:46:13","modified_gmt":"2024-08-31T22:46:13","slug":"dividas-de-produtores-gauchos-serao-prorrogadas-por-oito-anos-diz-favaro","status":"publish","type":"post","link":"https:\/\/agromt.news\/?p=990","title":{"rendered":"D\u00edvidas de produtores ga\u00fachos ser\u00e3o prorrogadas por oito anos, diz F\u00e1varo"},"content":{"rendered":"<p> <br \/>\n<\/p>\n<div>\n<p>O ministro da Agricultura e Pecu\u00e1ria <strong><a href=\"https:\/\/www.gov.br\/agricultura\/pt-br\">(Mapa)<\/a><\/strong>, Carlos F\u00e1varo, anunciou novas medidas para as d\u00edvidas de produtores rurais ga\u00fachos durante a abertura oficial da <strong><a href=\"https:\/\/www.canalrural.com.br\/mapa-interativo-da-expointer-2024\/\">Expointer 2024<\/a><\/strong> nesta sexta-feira (30), em Esteio, no Rio Grande do Sul.<\/p>\n<figure class=\"wp-block-embed is-type-video is-provider-youtube wp-block-embed-youtube wp-embed-aspect-16-9 wp-has-aspect-ratio\">\n<p>\n<iframe title=\"47\u00aa Expointer | Ministro F\u00e1varo anuncia medidas para produtores ga\u00fachos\" width=\"800\" height=\"450\" src=\"https:\/\/www.youtube.com\/embed\/7afMoAxU9ds?feature=oembed\" frameborder=\"0\" allow=\"accelerometer; autoplay; clipboard-write; encrypted-media; gyroscope; picture-in-picture; web-share\" referrerpolicy=\"strict-origin-when-cross-origin\" allowfullscreen><\/iframe><noscript><iframe title=\"47\u00aa Expointer | Ministro F\u00e1varo anuncia medidas para produtores ga\u00fachos\" width=\"800\" height=\"450\" src=\"https:\/\/www.youtube.com\/embed\/7afMoAxU9ds?feature=oembed\" frameborder=\"0\" allow=\"accelerometer; autoplay; clipboard-write; encrypted-media; gyroscope; picture-in-picture; web-share\" referrerpolicy=\"strict-origin-when-cross-origin\" allowfullscreen><\/iframe><\/noscript>\n<\/p>\n<\/figure>\n<p>As medidas prorrogam os d\u00e9bitos e atendem tamb\u00e9m demandas de cooperativas e cerealistas. O pacote de reconstru\u00e7\u00e3o para o estado ser\u00e1 feito em <strong>dez anos<\/strong>.<\/p>\n<\/div>\n<div>\n<h2 class=\"wp-block-heading\" id=\"h-renegociacao-de-dividas\">Renegocia\u00e7\u00e3o de d\u00edvidas<\/h2>\n<p>Segundo F\u00e1varo, d\u00edvidas de produtores e cooperativas ser\u00e3o renegociadas no prazo de oito anos e de cerealistas em cinco, todas com car\u00eancia para o pagamento.<\/p>\n<p>J\u00e1 a renegocia\u00e7\u00e3o das d\u00edvidas com bancos anunciadas anteriormente seguem com prazo de quatro anos. <\/p>\n<p>Por ora, a mudan\u00e7a est\u00e1 nas C\u00e9dulas de Produtor Rural (CPRS), que ter\u00e3o prazo de oito anos para pagar com juros de 9,5%. <\/p>\n<figure class=\"wp-block-image size-full\"><img fetchpriority=\"high\" decoding=\"async\" width=\"617\" height=\"514\" alt=\"pacote reconstru\u00e7\u00e3o RS\" class=\"wp-image-4065444\"  data-lazy- src=\"https:\/\/agromt.news\/wp-content\/uploads\/2024\/08\/Dividas-de-produtores-gauchos-serao-prorrogadas-por-oito-anos-diz.jpg\"\/><img decoding=\"async\" width=\"617\" height=\"514\" src=\"https:\/\/agromt.news\/wp-content\/uploads\/2024\/08\/Dividas-de-produtores-gauchos-serao-prorrogadas-por-oito-anos-diz.jpg\" alt=\"pacote reconstru\u00e7\u00e3o RS\" class=\"wp-image-4065444\"  \/><figcaption class=\"wp-element-caption\">Foto: Reprodu\u00e7\u00e3o Canal Rural<\/figcaption><\/figure>\n<p>Contudo, bancos p\u00fablicos t\u00eam o compromisso de tirar o risco da opera\u00e7\u00e3o para que a taxa de juros caia para 7%, o que atende o pleito das entidades ga\u00fachas.<\/p>\n<p>\u201cS\u00e3o v\u00e1rias fases de renegocia\u00e7\u00e3o [\u2026]. Vamos fazer isso junto com os bancos e com as entidades representativas dos produtores, tirando d\u00favidas, organizando a retomada da reconstru\u00e7\u00e3o do Rio Grande do Sul para os produtores\u201d, disse o ministro.<\/p>\n<h2 class=\"wp-block-heading\" id=\"h-ajustes-na-medida-provisoria\">Ajustes na medida provis\u00f3ria<\/h2>\n<p>Tamb\u00e9m devem ser feitos ajustes na Medida Provis\u00f3ria 1247 para contemplar um maior n\u00famero de produtores. At\u00e9 a pr\u00f3xima segunda-feira est\u00e3o programadas diversas reuni\u00f5es para ouvir demandas e fazer ajustes necess\u00e1rios. <\/p>\n<p>A expectativa \u00e9 que essas mudan\u00e7as constem na norma que ser\u00e1 enviada para o Conselho monet\u00e1rio nacional na pr\u00f3xima ter\u00e7a-feira (3).<\/p>\n<p>Produtores e entidades representativas relataram a necessidade de que as medidas sejam, de fato, efetivas, tendo em vista a proximidade da safra 2024\/25.<\/p>\n<\/div>\n<p><br \/>\n<br \/><a href=\"https:\/\/www.canalrural.com.br\/agricultura\/dividas-de-produtores-gauchos-serao-prorrogadas-por-oito-anos-diz-favaro\/\">Source link <\/a><\/p>\n","protected":false},"excerpt":{"rendered":"<p>O ministro da Agricultura e Pecu\u00e1ria (Mapa), Carlos F\u00e1varo, anunciou novas medidas para as d\u00edvidas de produtores rurais ga\u00fachos durante<\/p>\n","protected":false},"author":1,"featured_media":991,"comment_status":"open","ping_status":"open","sticky":false,"template":"","format":"standard","meta":{"_monsterinsights_skip_tracking":false,"_monsterinsights_sitenote_active":false,"_monsterinsights_sitenote_note":"","_monsterinsights_sitenote_category":0,"_uf_show_specific_survey":0,"_uf_disable_surveys":false,"footnotes":""},"categories":[1],"tags":[],"class_list":["post-990","post","type-post","status-publish","format-standard","has-post-thumbnail","hentry","category-news"],"_links":{"self":[{"href":"https:\/\/agromt.news\/index.php?rest_route=\/wp\/v2\/posts\/990"}],"collection":[{"href":"https:\/\/agromt.news\/index.php?rest_route=\/wp\/v2\/posts"}],"about":[{"href":"https:\/\/agromt.news\/index.php?rest_route=\/wp\/v2\/types\/post"}],"author":[{"embeddable":true,"href":"https:\/\/agromt.news\/index.php?rest_route=\/wp\/v2\/users\/1"}],"replies":[{"embeddable":true,"href":"https:\/\/agromt.news\/index.php?rest_route=%2Fwp%2Fv2%2Fcomments&post=990"}],"version-history":[{"count":0,"href":"https:\/\/agromt.news\/index.php?rest_route=\/wp\/v2\/posts\/990\/revisions"}],"wp:featuredmedia":[{"embeddable":true,"href":"https:\/\/agromt.news\/index.php?rest_route=\/wp\/v2\/media\/991"}],"wp:attachment":[{"href":"https:\/\/agromt.news\/index.php?rest_route=%2Fwp%2Fv2%2Fmedia&parent=990"}],"wp:term":[{"taxonomy":"category","embeddable":true,"href":"https:\/\/agromt.news\/index.php?rest_route=%2Fwp%2Fv2%2Fcategories&post=990"},{"taxonomy":"post_tag","embeddable":true,"href":"https:\/\/agromt.news\/index.php?rest_route=%2Fwp%2Fv2%2Ftags&post=990"}],"curies":[{"name":"wp","href":"https:\/\/api.w.org\/{rel}","templated":true}]}}