{"id":984,"date":"2024-08-31T11:08:24","date_gmt":"2024-08-31T15:08:24","guid":{"rendered":"https:\/\/agromt.news\/?p=984"},"modified":"2024-08-31T11:08:24","modified_gmt":"2024-08-31T15:08:24","slug":"tudo-que-voce-precisa-saber-para-o-ultimo-fim-de-semana-da-47a-expointer","status":"publish","type":"post","link":"https:\/\/agromt.news\/?p=984","title":{"rendered":"Tudo que voc\u00ea precisa saber para o \u00faltimo fim de semana da 47\u00aa Expointer"},"content":{"rendered":"<p> <br \/>\n<\/p>\n<div>\n<p style=\"text-align:justify\">Ainda h\u00e1 muito o que fazer neste s\u00e1bado (31\/8) e domingo (1\u00ba\/9) na 47\u00aa Expointer. Este guia completo oferece sugest\u00f5es para todas as idades sobre as principais atra\u00e7\u00f5es e espa\u00e7os da feira. Lembrando que o Parque de Exposi\u00e7\u00f5es Assis Brasil, em Esteio, abre \u00e0s 8h e fecha \u00e0s 20h.\u00a0\n<\/p>\n<p style=\"text-align:justify\"><strong>Clima\u00a0<\/strong><\/p>\n<p style=\"text-align:justify\">A previs\u00e3o do tempo do \u201cThe Weather Channel\u201d indica c\u00e9u ensolarado para o s\u00e1bado, com m\u00e1ximas de 26\u00ba e m\u00ednima de 16\u00ba no parque, e probabilidade de chuva de apenas 8% no momento de fechamento desta reportagem. Para o domingo, as proje\u00e7\u00f5es apontam para m\u00e1ximas de 20\u00ba e m\u00ednima de 12\u00ba, com 40% de possibilidade de chuva.\u00a0<\/p>\n<p style=\"text-align:justify\"><strong>Ingressos\u00a0<\/strong><\/p>\n<p style=\"text-align:justify\">Os ingressos, que podem ser adquiridos por meio <a href=\"https:\/\/expointer.eleventickets.com\/#!\/home%23!%2Fhome\" target=\"_blank\" rel=\"noopener\">deste link<\/a>, custam R$ 18 para pedestres, com meia-entrada (R$ 9) para pessoas acima de 60 anos, estudantes munidos de carteira oficial e pessoas com defici\u00eancia. Crian\u00e7as de at\u00e9 seis anos, acompanhadas dos pais ou respons\u00e1veis, n\u00e3o pagam. O estacionamento para ve\u00edculos custa R$ 46 (n\u00e3o inclui a entrada do motorista nem dos demais passageiros).\u00a0<\/p>\n<p style=\"text-align:justify\"><strong>A entrada pelo parque\u00a0<\/strong><\/p>\n<p style=\"text-align:justify\">Quem acessa o parque pela entrada dos pedestres (port\u00e3o 2, na Avenida Independ\u00eancia) logo visualiza as tradicionais esferas e o palco central da Expointer, que conta com programa\u00e7\u00f5es art\u00edsticas e musicais a partir da tarde. Caminhando mais para dentro do local, os visitantes ter\u00e3o acesso \u00e0 zona central, que re\u00fane diversos servi\u00e7os na \u00e1rea administrativa, inclusive o grande mapa com todas as informa\u00e7\u00f5es gerais. Localize-se e escolha o seu roteiro, sempre atento aos hor\u00e1rios para descanso e alimenta\u00e7\u00e3o \u2013 confira aqui op\u00e7\u00f5es de refei\u00e7\u00f5es que cabem em todos os bolsos.\u00a0<\/p>\n<p style=\"text-align:justify\"><strong>O Pavilh\u00e3o da Agricultura Familiar (PAF)\u00a0<\/strong><\/p>\n<p style=\"text-align:justify\">Um dos espa\u00e7os mais frequentados pelos visitantes \u00e9 o Pavilh\u00e3o da Agricultura Familiar, que nesta edi\u00e7\u00e3o conta com 413 empreendimentos, o maior n\u00famero de expositores da hist\u00f3ria do evento. L\u00e1 \u00e9 poss\u00edvel encontrar diversos produtos da agroind\u00fastria familiar ga\u00facha, oriundos de diversos munic\u00edpios, incluindo sabores ex\u00f3ticos e diversificados como cuca de caf\u00e9 com bombom, geleia de queijo e cerveja de caramelo e rapadura.\u00a0\n<\/p>\n<p style=\"text-align:justify\">Vale ficar de olho nos produtos premiados das nove categorias integrantes do 12\u00ba Concurso da Agroind\u00fastria Familiar: doce de leite, queijo colonial, salame tipo italiano, lingui\u00e7a de carne su\u00edna defumada, mel, vinho tinto de mesa seco, suco de uva, melado l\u00edquido e cacha\u00e7a prata. \u00a0O PAF, inclusive, tem se especializado em bater recordes: o \u00faltimo balan\u00e7o indicou que as vendas superaram o valor de R$ 6,5 milh\u00f5es at\u00e9 a quinta-feira (29\/8), representando um aumento de 20,74% ante o mesmo per\u00edodo do ano anterior (R$ 5,4 milh\u00f5es).\u00a0<br \/>\u00a0<br \/><strong>Roteiro para crian\u00e7as<\/strong><\/p>\n<p style=\"text-align:justify\">As op\u00e7\u00f5es s\u00e3o in\u00fameras para quem visita o parque em fam\u00edlia. \u00c9 sempre v\u00e1lido circular com a crian\u00e7ada pelos pavilh\u00f5es bovinos, do gado leiteiro, dos equinos e do gado de corte e ovinos. Quem tamb\u00e9m costuma fazer sucesso \u00e9 o pavilh\u00e3o de pequenos animais, com os coelhos e chinchilas de diferentes pelagens garantindo o entretenimento. \u00a0\u00a0<\/p>\n<p style=\"text-align:justify\">Uma op\u00e7\u00e3o bastante procurada tamb\u00e9m \u00e9 a dos passeios com os p\u00f4neis, que saem por R$ 10 em m\u00e9dia. \u00c9 importante lembrar ainda que, pr\u00f3ximo \u00e0 entrada de pedestres, existe o Parque de Divers\u00f5es com diversos tipos de brinquedos.\u00a0<\/p>\n<p style=\"text-align:justify\"><strong>Final do Freio de Ouro no s\u00e1bado<\/strong><\/p>\n<p style=\"text-align:justify\">Para quem est\u00e1 de olho nas competi\u00e7\u00f5es, o s\u00e1bado reserva simplesmente a final\u00edssima do Freio de Ouro. A disputa ter\u00e1 in\u00edcio logo ap\u00f3s a abertura, \u00e0s 14h, na Pista Coberta da Associa\u00e7\u00e3o Brasileira de Criadores do Cavalo Crioulo (ABCCC).\u00a0<\/p>\n<p style=\"text-align:justify\">Outros julgamentos, provas e concursos seguem com programa\u00e7\u00e3o at\u00e9 o domingo. As competi\u00e7\u00f5es iniciam logo cedo pelas manh\u00e3s e se estendem at\u00e9 o fim da tarde. Os \u00faltimos leil\u00f5es, por sua vez, est\u00e3o agendados para a noite do s\u00e1bado. \u00c9 poss\u00edvel conferir a programa\u00e7\u00e3o completa neste link.\u00a0<\/p>\n<p style=\"text-align:justify\"><strong>Diversidades<\/strong><\/p>\n<p style=\"text-align:justify\">Se fugir do roteiro tradicional est\u00e1 nos seus planos, uma boa pedida \u00e9 assistir \u00e0s apresenta\u00e7\u00f5es da Cozinha Show, que ocorrem todos os dias \u00e0s 11h, 12h, 14h e 15h no Pavilh\u00e3o da Agricultura Familiar. Os alimentos diferenciados s\u00e3o preparados por uma equipe de nutricionistas com a utiliza\u00e7\u00e3o de produtos das agroind\u00fastrias familiares ga\u00fachas. \u00a0L\u00e1 perto, est\u00e1 o Espa\u00e7o da Flor Ga\u00facha, que traz mais de 50 variedades de plantas como orqu\u00eddeas, cactos e suculentas.\n<\/p>\n<p style=\"text-align:justify\">O Pavilh\u00e3o de Produtos, Servi\u00e7os e Artesanatos tamb\u00e9m \u00e9 \u00f3tima op\u00e7\u00e3o para quem est\u00e1 procurando utens\u00edlios e itens dom\u00e9sticos, por exemplo. O Pavilh\u00e3o Internacional, por sua vez, tamb\u00e9m reserva um espa\u00e7o para as compras de produtos t\u00edpicos de outros pa\u00edses.\u00a0<\/p>\n<\/div>\n<p><script data-cfasync=\"false\">\n    !function (f, b, e, v, n, t, s) {\n        if (f.fbq) return; n = f.fbq = function () {\n            n.callMethod ?\n                n.callMethod.apply(n, arguments) : n.queue.push(arguments)\n        };\n        if (!f._fbq) f._fbq = n; n.push = n; n.loaded = !0; n.version = '2.0';\n        n.queue = []; t = b.createElement(e); t.async = !0;\n        t.src = v; s = b.getElementsByTagName(e)[0];\n        s.parentNode.insertBefore(t, s)\n    }(window, document, 'script',\n        'https:\/\/connect.facebook.net\/en_US\/fbevents.js');\n    fbq('init', '522546078623747');\n    fbq('track', 'PageView');\n<\/script><br \/>\n<br \/><br \/>\n<br \/><a href=\"https:\/\/www.agrolink.com.br\/noticias\/tudo-que-voce-precisa-saber-para-o-ultimo-fim-de-semana-da-47--expointer_494528.html\">Source link <\/a><\/p>\n","protected":false},"excerpt":{"rendered":"<p>Ainda h\u00e1 muito o que fazer neste s\u00e1bado (31\/8) e domingo (1\u00ba\/9) na 47\u00aa Expointer. Este guia completo oferece sugest\u00f5es<\/p>\n","protected":false},"author":1,"featured_media":985,"comment_status":"open","ping_status":"open","sticky":false,"template":"","format":"standard","meta":{"_monsterinsights_skip_tracking":false,"_monsterinsights_sitenote_active":false,"_monsterinsights_sitenote_note":"","_monsterinsights_sitenote_category":0,"_uf_show_specific_survey":0,"_uf_disable_surveys":false,"footnotes":""},"categories":[8,1,14],"tags":[],"class_list":["post-984","post","type-post","status-publish","format-standard","has-post-thumbnail","hentry","category-agro","category-news","category-politica-agro"],"_links":{"self":[{"href":"https:\/\/agromt.news\/index.php?rest_route=\/wp\/v2\/posts\/984"}],"collection":[{"href":"https:\/\/agromt.news\/index.php?rest_route=\/wp\/v2\/posts"}],"about":[{"href":"https:\/\/agromt.news\/index.php?rest_route=\/wp\/v2\/types\/post"}],"author":[{"embeddable":true,"href":"https:\/\/agromt.news\/index.php?rest_route=\/wp\/v2\/users\/1"}],"replies":[{"embeddable":true,"href":"https:\/\/agromt.news\/index.php?rest_route=%2Fwp%2Fv2%2Fcomments&post=984"}],"version-history":[{"count":0,"href":"https:\/\/agromt.news\/index.php?rest_route=\/wp\/v2\/posts\/984\/revisions"}],"wp:featuredmedia":[{"embeddable":true,"href":"https:\/\/agromt.news\/index.php?rest_route=\/wp\/v2\/media\/985"}],"wp:attachment":[{"href":"https:\/\/agromt.news\/index.php?rest_route=%2Fwp%2Fv2%2Fmedia&parent=984"}],"wp:term":[{"taxonomy":"category","embeddable":true,"href":"https:\/\/agromt.news\/index.php?rest_route=%2Fwp%2Fv2%2Fcategories&post=984"},{"taxonomy":"post_tag","embeddable":true,"href":"https:\/\/agromt.news\/index.php?rest_route=%2Fwp%2Fv2%2Ftags&post=984"}],"curies":[{"name":"wp","href":"https:\/\/api.w.org\/{rel}","templated":true}]}}