{"id":9797,"date":"2025-02-19T09:30:35","date_gmt":"2025-02-19T13:30:35","guid":{"rendered":"https:\/\/agromt.news\/?p=9797"},"modified":"2025-02-19T09:30:35","modified_gmt":"2025-02-19T13:30:35","slug":"exportacoes-do-cafe-paulista-aumentam-quase-90-e-impulsionam-a-balanca-comercial","status":"publish","type":"post","link":"https:\/\/agromt.news\/?p=9797","title":{"rendered":"Exporta\u00e7\u00f5es do caf\u00e9 paulista aumentam quase 90% e impulsionam a balan\u00e7a comercial"},"content":{"rendered":"<p> <br \/>\n<br \/><img decoding=\"async\" src=\"https:\/\/agromt.news\/wp-content\/uploads\/2025\/02\/Exportacoes-do-cafe-paulista-aumentam-quase-90-e-impulsionam-a.jpg\" \/><\/p>\n<div>\n<p>Levantamento da Ag\u00eancia Paulista de Tecnologia dos Agroneg\u00f3cios (Apta), do Instituto de Economia Agr\u00edcola (IEA-Apta) indica que as exporta\u00e7\u00f5es de <strong><a href=\"https:\/\/www.canalrural.com.br\/tag\/caf%C3%A9\/\">caf\u00e9 <\/a><\/strong>em janeiro de 2025 no <strong><a href=\"https:\/\/www.canalrural.com.br\/tag\/s%C3%A3o-paulo\/\">estado de S\u00e3o Paulo<\/a><\/strong> aumentaram 82,7% em rela\u00e7\u00e3o ao mesmo per\u00edodo do ano passado.<\/p>\n<p>Com isso, a produ\u00e7\u00e3o de caf\u00e9 impulsionou a balan\u00e7a comercial do agroneg\u00f3cio paulista, que manteve-se positiva com um super\u00e1vit de US$ 1,64 bilh\u00e3o. Ao todo, o setor exportou US$ 2,16 bilh\u00f5es no primeiro m\u00eas de 2025.<\/p>\n<p>As vendas de caf\u00e9 para o exterior representaram 7,7% desse valor e registraram US$ 166,4 milh\u00f5es. As informa\u00e7\u00f5es foram divulgadas pela Secretaria de Agricultura e Abastecimento de S\u00e3o Paulo.<\/p>\n<p>Ao todo, 45,3% das exporta\u00e7\u00f5es do estado vieram do agroneg\u00f3cio. Confira os principais produtos exportados por S\u00e3o Paulo em janeiro de 2025:<\/p>\n<ul class=\"wp-block-list\">\n<li>Complexo sucroalcooleiro: 27,8% de participa\u00e7\u00e3o no agro paulista, com US$ 599,47 milh\u00f5es (a\u00e7\u00facar representando 89,3% e etanol 10,7%);<\/li>\n<\/ul>\n<ul class=\"wp-block-list\">\n<li>Sucos: 15,5% de participa\u00e7\u00e3o, somando US$ 334,41 milh\u00f5es (99,0% de suco de laranja);<\/li>\n<\/ul>\n<\/div>\n<div>\n<ul class=\"wp-block-list\">\n<li>Produtos florestais: 13,1% de participa\u00e7\u00e3o, com US$ 282,39 milh\u00f5es (58,6% de celulose e 33,7% de papel);<\/li>\n<\/ul>\n<ul class=\"wp-block-list\">\n<li>Carnes: 12,7% de participa\u00e7\u00e3o, na ordem de US$ 274,09 milh\u00f5es (82,4% carne bovina);<\/li>\n<\/ul>\n<ul class=\"wp-block-list\">\n<li>Caf\u00e9: 7,7% de participa\u00e7\u00e3o, registrando US$ 166,43 milh\u00f5es (71,1% de caf\u00e9 verde e 25,3% de caf\u00e9 sol\u00favel).<\/li>\n<\/ul>\n<p>Na compara\u00e7\u00e3o com o mesmo per\u00edodo do ano passado, destacam-se as exporta\u00e7\u00f5es de caf\u00e9 (+82,7%), sucos (+33,6%), produtos florestais (+27,2%) e carnes (+9,8%).<\/p>\n<p>Segundo o pesquisador do IEA-Apta, Alberto \u00c2ngelo, h\u00e1 previs\u00e3o de aumentar as exporta\u00e7\u00f5es do complexo sucroalcooleiro a partir de fevereiro. \u201cHouve atraso no plantio no ano passado, provocado pela seca, portanto, a colheita deve se concentrar nos meses de fevereiro e mar\u00e7o\u201d.<\/p>\n<h2 class=\"wp-block-heading\" id=\"h-participacao-de-sp-no-agronegocio-brasileiro\">Participa\u00e7\u00e3o de SP no agroneg\u00f3cio brasileiro<\/h2>\n<p>As exporta\u00e7\u00f5es paulistas representaram 19,6% do total brasileiro no agroneg\u00f3cio, deixando S\u00e3o Paulo em primeiro lugar entre os estados que mais enviam produtos do agro para outros pa\u00edses. Destaque para os grupos de sucos (88,2%), produtos aliment\u00edcios diversos (71,5%), produtos de origem vegetal (65,9%) e complexo sucroalcooleiro (54,4%), que mantiveram expressiva participa\u00e7\u00e3o nas exporta\u00e7\u00f5es brasileiras.<\/p>\n<\/p><\/div>\n<p><br \/>\n<br \/><a href=\"https:\/\/www.canalrural.com.br\/agricultura\/exportacoes-do-cafe-paulista-aumentam-quase-90-e-impulsionam-a-balanca-comercial\/\">Source link <\/a><\/p>\n","protected":false},"excerpt":{"rendered":"<p>Levantamento da Ag\u00eancia Paulista de Tecnologia dos Agroneg\u00f3cios (Apta), do Instituto de Economia Agr\u00edcola (IEA-Apta) indica que as exporta\u00e7\u00f5es de<\/p>\n","protected":false},"author":1,"featured_media":9378,"comment_status":"open","ping_status":"open","sticky":false,"template":"","format":"standard","meta":{"_monsterinsights_skip_tracking":false,"_monsterinsights_sitenote_active":false,"_monsterinsights_sitenote_note":"","_monsterinsights_sitenote_category":0,"_uf_show_specific_survey":0,"_uf_disable_surveys":false,"footnotes":""},"categories":[1],"tags":[],"class_list":["post-9797","post","type-post","status-publish","format-standard","has-post-thumbnail","hentry","category-news"],"_links":{"self":[{"href":"https:\/\/agromt.news\/index.php?rest_route=\/wp\/v2\/posts\/9797"}],"collection":[{"href":"https:\/\/agromt.news\/index.php?rest_route=\/wp\/v2\/posts"}],"about":[{"href":"https:\/\/agromt.news\/index.php?rest_route=\/wp\/v2\/types\/post"}],"author":[{"embeddable":true,"href":"https:\/\/agromt.news\/index.php?rest_route=\/wp\/v2\/users\/1"}],"replies":[{"embeddable":true,"href":"https:\/\/agromt.news\/index.php?rest_route=%2Fwp%2Fv2%2Fcomments&post=9797"}],"version-history":[{"count":0,"href":"https:\/\/agromt.news\/index.php?rest_route=\/wp\/v2\/posts\/9797\/revisions"}],"wp:featuredmedia":[{"embeddable":true,"href":"https:\/\/agromt.news\/index.php?rest_route=\/wp\/v2\/media\/9378"}],"wp:attachment":[{"href":"https:\/\/agromt.news\/index.php?rest_route=%2Fwp%2Fv2%2Fmedia&parent=9797"}],"wp:term":[{"taxonomy":"category","embeddable":true,"href":"https:\/\/agromt.news\/index.php?rest_route=%2Fwp%2Fv2%2Fcategories&post=9797"},{"taxonomy":"post_tag","embeddable":true,"href":"https:\/\/agromt.news\/index.php?rest_route=%2Fwp%2Fv2%2Ftags&post=9797"}],"curies":[{"name":"wp","href":"https:\/\/api.w.org\/{rel}","templated":true}]}}