{"id":9793,"date":"2025-02-19T08:40:53","date_gmt":"2025-02-19T12:40:53","guid":{"rendered":"https:\/\/agromt.news\/?p=9793"},"modified":"2025-02-19T08:40:53","modified_gmt":"2025-02-19T12:40:53","slug":"complexo-portuario-de-itajai-tem-aumento-em-todos-os-indices-em-janeiro","status":"publish","type":"post","link":"https:\/\/agromt.news\/?p=9793","title":{"rendered":"Complexo portu\u00e1rio de Itaja\u00ed tem aumento em todos os \u00edndices em janeiro"},"content":{"rendered":"<p> <br \/>\n<\/p>\n<p>Presidente da APS considera envolvimento com a comunidade portu\u00e1ria local, al\u00e9m de muito trabalho, como fatores que geraram bom desempenho<\/p>\n<div>\n<p>O Complexo Portu\u00e1rio de Itaja\u00ed registrou aumento em todos os \u00edndices de movimenta\u00e7\u00e3o de cargas em janeiro de 2025, comparado ao mesmo m\u00eas do ano anterior. No total, somando \u00e1rea p\u00fablica e terminais de uso privado, o aumento foi de 26%, com 1,27 milh\u00e3o de toneladas em 2025 ante pouco mais de um milh\u00e3o em janeiro de 2024.<\/p>\n<p>De acordo com o presidente da Autoridade Portu\u00e1ria de Santos (APS), gestora da infraestrutura p\u00fablica do Porto de Itaja\u00ed, os resultados refletem a integra\u00e7\u00e3o entre a boa gest\u00e3o p\u00fablica e a efici\u00eancia do setor privado: \u201co crescimento em janeiro \u00e9 resultado do bom entendimento entre a comunidade portu\u00e1ria de Itaja\u00ed e Navegantes, suas administra\u00e7\u00f5es municipais e a gest\u00e3o p\u00fablica t\u00e9cnica da APS-Itaja\u00ed\u201d, destacou. \u201cN\u00f3s abrimos a gest\u00e3o \u00e0 participa\u00e7\u00e3o local, inclusive aproveitando os empregados que j\u00e1 estavam na casa, e isso vem permitindo grandes avan\u00e7os na retomada da grandeza do Porto\u201d, afirmou Pomini.<\/p>\n<p>No cais p\u00fablico do Porto de Itaja\u00ed, o destaque foi a atraca\u00e7\u00e3o de navios de cruzeiros. De 17 atraca\u00e7\u00f5es em janeiro, 13 foram de navios de passageiros, duas de carga geral, uma de cont\u00eaineres e uma de ro-ro (carga de ve\u00edculos). Por isso \u00e9 relevante a decis\u00e3o da APS-Itaja\u00ed de permitir a movimenta\u00e7\u00e3o terrestre de carga geral, visando ampliar o embarque e desembarque de cargueiros, sem deixar de atender os cruzeiros.<\/p>\n<p>No cais p\u00fablico, a movimenta\u00e7\u00e3o foi de 47,9 mil toneladas, aumento de 28% em rela\u00e7\u00e3o a 2024, quando a movimenta\u00e7\u00e3o foi de 37,4 mil toneladas. Diferentemente do complexo como um todo, o Porto de Itaja\u00ed tem maior movimenta\u00e7\u00e3o de exporta\u00e7\u00e3o que de importa\u00e7\u00e3o. Somando \u00e1rea arrendada com \u00e1rea de uso comum, s\u00e3o 185,4 mil toneladas de carga exportadas contra 174,5 mil desembarcadas.<\/p>\n<p><strong>Totais do complexo<\/strong><\/p>\n<p>Dos 1,27 milh\u00e3o de toneladas movimentadas em janeiro no complexo portu\u00e1rio, 54% foram do fluxo de desembarque (690,7 mil) e 46% de desembarque (581,6 mil). O aumento em rela\u00e7\u00e3o a 2024 nos dois fluxos foi de cerca de 26%.<\/p>\n<p>Na movimenta\u00e7\u00e3o de cont\u00eaineres, o aumento foi de 21%, com 117,8 mil TEU este ano ante 97 mil no primeiro m\u00eas do ano passado.<\/p>\n<p>O Porto de Itaja\u00ed teve movimento de 359,9 mil toneladas e os terminais de uso privado 912,4 mil toneladas. O total de atraca\u00e7\u00f5es em janeiro no complexo portu\u00e1rio foi de 102, aumento de 28% em rela\u00e7\u00e3o a 2024, quando foram 80 atraca\u00e7\u00f5es. Metade daquele n\u00famero (51 atraca\u00e7\u00f5es) foram de navios de longo curso.<\/p>\n<\/p><\/div>\n<p><script async defer src=\"https:\/\/connect.facebook.net\/en_US\/sdk.js\" type=\"a7f49f8a80dcd104077c9d6c-text\/javascript\"><\/script><script type=\"a7f49f8a80dcd104077c9d6c-text\/javascript\">\n  !function(f,b,e,v,n,t,s)\n  {if(f.fbq)return;n=f.fbq=function(){n.callMethod?\n    n.callMethod.apply(n,arguments):n.queue.push(arguments)};\n    if(!f._fbq)f._fbq=n;n.push=n;n.loaded=!0;n.version='2.0';\n    n.queue=[];t=b.createElement(e);t.async=!0;\n    t.src=v;s=b.getElementsByTagName(e)[0];\n    s.parentNode.insertBefore(t,s)}(window, document,'script',\n    'https:\/\/connect.facebook.net\/en_US\/fbevents.js');\n  fbq('init', '153495679422335');\n  fbq('track', 'PageView');\n<\/script><br \/>\n<br \/><br \/>\n<br \/><a href=\"https:\/\/www.noticiasagricolas.com.br\/noticias\/logistica\/394584-complexo-portuario-de-itajai-tem-aumento-em-todos-os-indices-em-janeiro.html\">Source link <\/a><\/p>\n","protected":false},"excerpt":{"rendered":"<p>Presidente da APS considera envolvimento com a comunidade portu\u00e1ria local, al\u00e9m de muito trabalho, como fatores que geraram bom desempenho<\/p>\n","protected":false},"author":1,"featured_media":9794,"comment_status":"open","ping_status":"open","sticky":false,"template":"","format":"standard","meta":{"_monsterinsights_skip_tracking":false,"_monsterinsights_sitenote_active":false,"_monsterinsights_sitenote_note":"","_monsterinsights_sitenote_category":0,"_uf_show_specific_survey":0,"_uf_disable_surveys":false,"footnotes":""},"categories":[8,1,14,16],"tags":[],"class_list":["post-9793","post","type-post","status-publish","format-standard","has-post-thumbnail","hentry","category-agro","category-news","category-politica-agro","category-safra"],"_links":{"self":[{"href":"https:\/\/agromt.news\/index.php?rest_route=\/wp\/v2\/posts\/9793"}],"collection":[{"href":"https:\/\/agromt.news\/index.php?rest_route=\/wp\/v2\/posts"}],"about":[{"href":"https:\/\/agromt.news\/index.php?rest_route=\/wp\/v2\/types\/post"}],"author":[{"embeddable":true,"href":"https:\/\/agromt.news\/index.php?rest_route=\/wp\/v2\/users\/1"}],"replies":[{"embeddable":true,"href":"https:\/\/agromt.news\/index.php?rest_route=%2Fwp%2Fv2%2Fcomments&post=9793"}],"version-history":[{"count":0,"href":"https:\/\/agromt.news\/index.php?rest_route=\/wp\/v2\/posts\/9793\/revisions"}],"wp:featuredmedia":[{"embeddable":true,"href":"https:\/\/agromt.news\/index.php?rest_route=\/wp\/v2\/media\/9794"}],"wp:attachment":[{"href":"https:\/\/agromt.news\/index.php?rest_route=%2Fwp%2Fv2%2Fmedia&parent=9793"}],"wp:term":[{"taxonomy":"category","embeddable":true,"href":"https:\/\/agromt.news\/index.php?rest_route=%2Fwp%2Fv2%2Fcategories&post=9793"},{"taxonomy":"post_tag","embeddable":true,"href":"https:\/\/agromt.news\/index.php?rest_route=%2Fwp%2Fv2%2Ftags&post=9793"}],"curies":[{"name":"wp","href":"https:\/\/api.w.org\/{rel}","templated":true}]}}