{"id":9790,"date":"2025-02-19T08:10:49","date_gmt":"2025-02-19T12:10:49","guid":{"rendered":"https:\/\/agromt.news\/?p=9790"},"modified":"2025-02-19T08:10:49","modified_gmt":"2025-02-19T12:10:49","slug":"pgr-denuncia-bolsonaro-e-mais-33-por-tentativa-de-golpe","status":"publish","type":"post","link":"https:\/\/agromt.news\/?p=9790","title":{"rendered":"PGR denuncia Bolsonaro e mais 33 por tentativa de golpe"},"content":{"rendered":"<p> <br \/>\n<br \/><img decoding=\"async\" src=\"https:\/\/agromt.news\/wp-content\/uploads\/2025\/02\/PGR-denuncia-Bolsonaro-e-mais-33-por-tentativa-de-golpe.jpg\" \/><\/p>\n<div>\n<p>A <strong><a href=\"https:\/\/www.canalrural.com.br\/tag\/pgr\/\">Procuradoria-Geral da Rep\u00fablica (PGR)<\/a><\/strong> denunciou nesta ter\u00e7a-feira (18) o <strong><a href=\"https:\/\/www.canalrural.com.br\/tag\/jair-bolsonaro\/\">ex-presidente Jair Bolsonaro<\/a><\/strong> e mais 33 pessoas ao <strong><a href=\"https:\/\/www.canalrural.com.br\/tag\/stf\/\">Supremo Tribunal Federal (STF) <\/a><\/strong>pelos crimes de golpe de Estado, aboli\u00e7\u00e3o violenta do Estado Democr\u00e1tico de Direito e organiza\u00e7\u00e3o criminosa. A acusa\u00e7\u00e3o tamb\u00e9m envolve outros militares, entre eles Walter Braga Netto, ex-ministro da Casa Civil e da Defesa, e Mauro Cid, ex-ajudante de ordens de Bolsonaro.<\/p>\n<p>As acusa\u00e7\u00f5es da procuradoria est\u00e3o baseadas no inqu\u00e9rito da Pol\u00edcia Federal (PF) que indiciou, em novembro do ano passado, o ex-presidente no \u00e2mbito do chamado inqu\u00e9rito do golpe, cujas investiga\u00e7\u00f5es conclu\u00edram pela exist\u00eancia de uma trama golpista para impedir o terceiro mandato do <strong><a href=\"https:\/\/www.canalrural.com.br\/tag\/lula\/\">presidente Luiz In\u00e1cio Lula da Silva<\/a><\/strong>.<\/p>\n<p>A den\u00fancia ser\u00e1 julgada pela Primeira Turma do Supremo, colegiado composto pelo relator, Alexandre de Moraes, e os ministros Fl\u00e1vio Dino, Cristiano Zanin, C\u00e1rmen L\u00facia e Luiz Fux.<\/p>\n<p>Se a maioria dos ministros aceitar a den\u00fancia, Bolsonaro e os outros acusados viram r\u00e9us e passam a responder a uma a\u00e7\u00e3o penal no STF.<\/p>\n<p>Pelo regimento interno da Corte, cabe \u00e0s duas turmas do Tribunal julgar a\u00e7\u00f5es penais. Como o relator faz parte da Primeira Turma, a acusa\u00e7\u00e3o ser\u00e1 julgada pelo colegiado.<\/p>\n<\/div>\n<div>\n<p>A data do julgamento ainda n\u00e3o foi definida. Considerando os tr\u00e2mites legais, o caso pode ser julgado ainda neste primeiro semestre de 2025.<\/p>\n<h2 class=\"wp-block-heading\" id=\"h-conspiracao\">Conspira\u00e7\u00e3o<\/h2>\n<p>O procurador-geral da Rep\u00fablica, Paulo Gonet, afirmou que o ex-presidente e o general Braga Netto, ex-ministro e vice na chapa com Bolsonaro \u2013 derrotada nas elei\u00e7\u00f5es de 2022, exerceram papel de lideran\u00e7a para realiza\u00e7\u00e3o de uma \u201ctrama conspirat\u00f3ria armada e executada contra as institui\u00e7\u00f5es democr\u00e1ticas\u201d.<\/p>\n<blockquote class=\"wp-block-quote is-layout-flow wp-block-quote-is-layout-flow\">\n<p>\u201cA organiza\u00e7\u00e3o tinha por l\u00edderes o pr\u00f3prio presidente da Rep\u00fablica e o seu candidato a vice-presidente, o general Braga Neto. Ambos aceitaram, estimularam, e realizaram atos tipificados na legisla\u00e7\u00e3o penal de atentado contra o bem jur\u00eddico da exist\u00eancia e Independ\u00eancia dos poderes e do Estado de Direito democr\u00e1tico\u201d, afirmou Gonet.<\/p>\n<\/blockquote>\n<p>Gonet diz que a den\u00fancia contra Bolsonaro narra os fatos cometidos por uma \u201corganiza\u00e7\u00e3o criminosa estruturada\u201d para impedir a concretiza\u00e7\u00e3o da vontade popular demonstrada com o resultado das elei\u00e7\u00f5es de 2022, quando Lula foi eleito presidente.<\/p>\n<p>\u201d O presidente da Rep\u00fablica [ Bolsonaro] adotou crescente tom de ruptura com a normalidade institucional nos seus repetidos pronunciamentos p\u00fablicos em que se mostrava descontente com decis\u00f5es de tribunais superiores e com o sistema eleitoral eletr\u00f4nico em vigor. Essa escalada ganhou impulso mais not\u00e1vel quando Luiz In\u00e1cio Lula da Silva, visto como o mais forte contendor na disputa eleitoral de 2022, tornou-se eleg\u00edvel, em virtude da anula\u00e7\u00e3o de condena\u00e7\u00f5es criminais\u201d, afirmou.<\/p>\n<\/p><\/div>\n<p><br \/>\n<br \/><a href=\"https:\/\/www.canalrural.com.br\/politica\/pgr-denuncia-bolsonaro-e-mais-33-por-tentativa-de-golpe\/\">Source link <\/a><\/p>\n","protected":false},"excerpt":{"rendered":"<p>A Procuradoria-Geral da Rep\u00fablica (PGR) denunciou nesta ter\u00e7a-feira (18) o ex-presidente Jair Bolsonaro e mais 33 pessoas ao Supremo Tribunal<\/p>\n","protected":false},"author":1,"featured_media":9791,"comment_status":"open","ping_status":"open","sticky":false,"template":"","format":"standard","meta":{"_monsterinsights_skip_tracking":false,"_monsterinsights_sitenote_active":false,"_monsterinsights_sitenote_note":"","_monsterinsights_sitenote_category":0,"_uf_show_specific_survey":0,"_uf_disable_surveys":false,"footnotes":""},"categories":[1],"tags":[],"class_list":["post-9790","post","type-post","status-publish","format-standard","has-post-thumbnail","hentry","category-news"],"_links":{"self":[{"href":"https:\/\/agromt.news\/index.php?rest_route=\/wp\/v2\/posts\/9790"}],"collection":[{"href":"https:\/\/agromt.news\/index.php?rest_route=\/wp\/v2\/posts"}],"about":[{"href":"https:\/\/agromt.news\/index.php?rest_route=\/wp\/v2\/types\/post"}],"author":[{"embeddable":true,"href":"https:\/\/agromt.news\/index.php?rest_route=\/wp\/v2\/users\/1"}],"replies":[{"embeddable":true,"href":"https:\/\/agromt.news\/index.php?rest_route=%2Fwp%2Fv2%2Fcomments&post=9790"}],"version-history":[{"count":0,"href":"https:\/\/agromt.news\/index.php?rest_route=\/wp\/v2\/posts\/9790\/revisions"}],"wp:featuredmedia":[{"embeddable":true,"href":"https:\/\/agromt.news\/index.php?rest_route=\/wp\/v2\/media\/9791"}],"wp:attachment":[{"href":"https:\/\/agromt.news\/index.php?rest_route=%2Fwp%2Fv2%2Fmedia&parent=9790"}],"wp:term":[{"taxonomy":"category","embeddable":true,"href":"https:\/\/agromt.news\/index.php?rest_route=%2Fwp%2Fv2%2Fcategories&post=9790"},{"taxonomy":"post_tag","embeddable":true,"href":"https:\/\/agromt.news\/index.php?rest_route=%2Fwp%2Fv2%2Ftags&post=9790"}],"curies":[{"name":"wp","href":"https:\/\/api.w.org\/{rel}","templated":true}]}}