{"id":978,"date":"2024-08-31T01:37:18","date_gmt":"2024-08-31T05:37:18","guid":{"rendered":"https:\/\/agromt.news\/?p=978"},"modified":"2024-08-31T01:37:18","modified_gmt":"2024-08-31T05:37:18","slug":"setor-agricola-demitiu-365-mil-pessoas-em-um-ano-diz-ibge","status":"publish","type":"post","link":"https:\/\/agromt.news\/?p=978","title":{"rendered":"Setor agr\u00edcola demitiu 365 mil pessoas em um ano, diz IBGE"},"content":{"rendered":"<p> <br \/>\n<br \/><img decoding=\"async\" src=\"https:\/\/agromt.news\/wp-content\/uploads\/2024\/08\/Setor-agricola-demitiu-365-mil-pessoas-em-um-ano-diz.jpg\" \/><\/p>\n<div>\n<p>Seis das dez atividades econ\u00f4micas registraram contrata\u00e7\u00f5es no trimestre encerrado em julho, segundo os dados da Pesquisa Nacional por Amostra de Domic\u00edlios Cont\u00ednua <strong><a href=\"https:\/\/www.ibge.gov.br\/estatisticas\/sociais\/trabalho\/17270-pnad-continua.html\">(Pnad Cont\u00ednua)<\/a><\/strong>, divulgados nesta sexta-feira (30), pelo Instituto Brasileiro de Geografia e Estat\u00edstica (IBGE).<\/p>\n<p>Contudo, na passagem do trimestre terminado em abril para o encerrado em julho, houve demiss\u00f5es na <strong><a href=\"https:\/\/www.canalrural.com.br\/agricultura\/\">agricultura<\/a><\/strong>, pecu\u00e1ria e aquicultura, com 23 mil demiss\u00f5es. J\u00e1 em rela\u00e7\u00e3o ao patamar de um ano antes, o corte na agricultura \u00e9 bem maior: dispensa de <strong>365 mil pessoas<\/strong>.<\/p>\n<\/div>\n<div>\n<p>Al\u00e9m disso, os setores de transporte e armazenagem, menos 48 mil vagas; servi\u00e7os dom\u00e9sticos, menos 29 mil; ind\u00fastria, menos 46 mil, tamb\u00e9m reduziram os seus quadros.<\/p>\n<h2 class=\"wp-block-heading\" id=\"h-postos-de-trabalho-conforme-ibge\">Postos de trabalho, conforme IBGE<\/h2>\n<p>Houve gera\u00e7\u00e3o de postos de trabalho em informa\u00e7\u00e3o, comunica\u00e7\u00e3o e atividades financeiras, profissionais e administrativas (199 mil), com\u00e9rcio (368 mil), administra\u00e7\u00e3o p\u00fablica, defesa, seguridade social, educa\u00e7\u00e3o, sa\u00fade humana e servi\u00e7os sociais (584 mil), constru\u00e7\u00e3o (90 mil), outros servi\u00e7os (93 mil) e alojamento e alimenta\u00e7\u00e3o (48 mil).<\/p>\n<p>Em compara\u00e7\u00e3o a um ano antes, a Pnad do IBGE aponta que houve contrata\u00e7\u00f5es nas seguintes atividades:<\/p>\n<ul class=\"wp-block-list\">\n<li>Com\u00e9rcio (482 mil);<\/li>\n<li>Ind\u00fastria (211 mil);<\/li>\n<li>Administra\u00e7\u00e3o p\u00fablica, defesa, seguridade social, educa\u00e7\u00e3o, sa\u00fade humana e servi\u00e7os sociais (654 mil trabalhadores a mais);<\/li>\n<li>Alojamento e alimenta\u00e7\u00e3o (83 mil);<\/li>\n<li>Constru\u00e7\u00e3o (338 mil pessoas);<\/li>\n<li>Outros servi\u00e7os (284 mil);<\/li>\n<li>Informa\u00e7\u00e3o, comunica\u00e7\u00e3o e atividades financeiras (682 mil); e<\/li>\n<li>Transporte (352 mil) <\/li>\n<li>Servi\u00e7os dom\u00e9sticos (27 mil).<\/li>\n<\/ul>\n<\/div>\n<p><br \/>\n<br \/><a href=\"https:\/\/www.canalrural.com.br\/economia\/setor-agricola-demitiu-365-mil-pessoas-em-um-ano-diz-ibge\/\">Source link <\/a><\/p>\n","protected":false},"excerpt":{"rendered":"<p>Seis das dez atividades econ\u00f4micas registraram contrata\u00e7\u00f5es no trimestre encerrado em julho, segundo os dados da Pesquisa Nacional por Amostra<\/p>\n","protected":false},"author":1,"featured_media":979,"comment_status":"open","ping_status":"open","sticky":false,"template":"","format":"standard","meta":{"_monsterinsights_skip_tracking":false,"_monsterinsights_sitenote_active":false,"_monsterinsights_sitenote_note":"","_monsterinsights_sitenote_category":0,"_uf_show_specific_survey":0,"_uf_disable_surveys":false,"footnotes":""},"categories":[1],"tags":[],"class_list":["post-978","post","type-post","status-publish","format-standard","has-post-thumbnail","hentry","category-news"],"_links":{"self":[{"href":"https:\/\/agromt.news\/index.php?rest_route=\/wp\/v2\/posts\/978"}],"collection":[{"href":"https:\/\/agromt.news\/index.php?rest_route=\/wp\/v2\/posts"}],"about":[{"href":"https:\/\/agromt.news\/index.php?rest_route=\/wp\/v2\/types\/post"}],"author":[{"embeddable":true,"href":"https:\/\/agromt.news\/index.php?rest_route=\/wp\/v2\/users\/1"}],"replies":[{"embeddable":true,"href":"https:\/\/agromt.news\/index.php?rest_route=%2Fwp%2Fv2%2Fcomments&post=978"}],"version-history":[{"count":0,"href":"https:\/\/agromt.news\/index.php?rest_route=\/wp\/v2\/posts\/978\/revisions"}],"wp:featuredmedia":[{"embeddable":true,"href":"https:\/\/agromt.news\/index.php?rest_route=\/wp\/v2\/media\/979"}],"wp:attachment":[{"href":"https:\/\/agromt.news\/index.php?rest_route=%2Fwp%2Fv2%2Fmedia&parent=978"}],"wp:term":[{"taxonomy":"category","embeddable":true,"href":"https:\/\/agromt.news\/index.php?rest_route=%2Fwp%2Fv2%2Fcategories&post=978"},{"taxonomy":"post_tag","embeddable":true,"href":"https:\/\/agromt.news\/index.php?rest_route=%2Fwp%2Fv2%2Ftags&post=978"}],"curies":[{"name":"wp","href":"https:\/\/api.w.org\/{rel}","templated":true}]}}