{"id":976,"date":"2024-08-31T01:23:42","date_gmt":"2024-08-31T05:23:42","guid":{"rendered":"https:\/\/agromt.news\/?p=976"},"modified":"2024-08-31T01:23:42","modified_gmt":"2024-08-31T05:23:42","slug":"incendio-atinge-canavial-em-minas-gerais","status":"publish","type":"post","link":"https:\/\/agromt.news\/?p=976","title":{"rendered":"inc\u00eandio atinge canavial em Minas Gerais"},"content":{"rendered":"<p> <br \/>\n<br \/><img decoding=\"async\" src=\"https:\/\/agromt.news\/wp-content\/uploads\/2024\/08\/incendio-atinge-canavial-em-Minas-Gerais.jpg\" \/><\/p>\n<div>\n<p>Um inc\u00eandio atingiu um <strong><a href=\"https:\/\/www.canalrural.com.br\/agricultura\/cana\/\">canavial<\/a><\/strong> e vegeta\u00e7\u00e3o \u00e0s margens da rodovia MG-226, pr\u00f3ximo ao Km 27, em Ituiutaba, Minas Gerais. O Corpo de Bombeiros Militar do estado (CBMMG) foi acionado no in\u00edcio da tarde desta quarta (28) para combater o foco.<\/p>\n<p>De acordo com os bombeiros, foram cerca de seis horas de combate intenso para extinguir as chamas. Nas imagens abaixo, \u00e9 poss\u00edvel ver que o fogo se concentrou em uma \u2018esquina\u2019 do local, consumindo \u00e1rvores baixas e vegeta\u00e7\u00f5es pr\u00f3ximas.<\/p>\n<\/div>\n<div>\n<p><strong>Confira o momento em que o inc\u00eandio atinge a vegeta\u00e7\u00e3o:<\/strong><\/p>\n<figure class=\"wp-block-embed is-type-rich is-provider-incorporar-manipulador wp-block-embed-incorporar-manipulador wp-embed-aspect-16-9 wp-has-aspect-ratio\">\n<p>\n<iframe title=\"Inc\u00eandio atinge canavial em Minas Gerais\" width=\"800\" height=\"450\" src=\"https:\/\/www.youtube.com\/embed\/9HDAhwBeAoY?feature=oembed\" frameborder=\"0\" allow=\"accelerometer; autoplay; clipboard-write; encrypted-media; gyroscope; picture-in-picture; web-share\" referrerpolicy=\"strict-origin-when-cross-origin\" allowfullscreen><\/iframe><noscript><iframe title=\"Inc\u00eandio atinge canavial em Minas Gerais\" width=\"800\" height=\"450\" src=\"https:\/\/www.youtube.com\/embed\/9HDAhwBeAoY?feature=oembed\" frameborder=\"0\" allow=\"accelerometer; autoplay; clipboard-write; encrypted-media; gyroscope; picture-in-picture; web-share\" referrerpolicy=\"strict-origin-when-cross-origin\" allowfullscreen><\/iframe><\/noscript>\n<\/p>\n<\/figure>\n<p>No mesmo dia, o CBMMG combateu outro inc\u00eandio no munic\u00edpio de Formiga (MG), a cerca de 550 km do ocorrido no canavial. Neste caso, as chamas consumiram 1.600 m\u00b2 de capim em um lote vago no bairro Maring\u00e1. Segundo os agentes, foram necess\u00e1rios 100 litros de \u00e1gua para controlar o fogo.<\/p>\n<p>Apesar dos ocorridos, n\u00e3o houve v\u00edtimas tanto no inc\u00eandio em Ituiutaba quanto em Formiga. Tamb\u00e9m n\u00e3o foi esclarecido se h\u00e1 <strong><a href=\"https:\/\/www.canalrural.com.br\/nacional\/sobe-para-dez-numero-de-presos-por-incendios-em-sao-paulo\/\">suspeitas sobre um poss\u00edvel inc\u00eandio criminoso<\/a><\/strong>, ou se foram apenas casos relacionados \u00e0s altas temperaturas.<\/p>\n<p>Em uma publica\u00e7\u00e3o recente nas redes sociais, a corpora\u00e7\u00e3o relatou que devido ao tempo seco, o n\u00fameros de inc\u00eandios florestais est\u00e3o aumentando. O cen\u00e1rio acabou mobilizando equipes nas principais unidades de conserva\u00e7\u00e3o do estado.<\/p>\n<p>Entramos em contato com o Corpo de Bombeiros para informa\u00e7\u00f5es adicionais sobre os casos. Contudo, n\u00e3o obtivemos retorno at\u00e9 a publica\u00e7\u00e3o desta reportagem.<\/p>\n<\/div>\n<p><br \/>\n<br \/><a href=\"https:\/\/www.canalrural.com.br\/agricultura\/video-incendio-atinge-canavial-em-minas-gerais\/\">Source link <\/a><\/p>\n","protected":false},"excerpt":{"rendered":"<p>Um inc\u00eandio atingiu um canavial e vegeta\u00e7\u00e3o \u00e0s margens da rodovia MG-226, pr\u00f3ximo ao Km 27, em Ituiutaba, Minas Gerais.<\/p>\n","protected":false},"author":1,"featured_media":977,"comment_status":"open","ping_status":"open","sticky":false,"template":"","format":"standard","meta":{"_monsterinsights_skip_tracking":false,"_monsterinsights_sitenote_active":false,"_monsterinsights_sitenote_note":"","_monsterinsights_sitenote_category":0,"_uf_show_specific_survey":0,"_uf_disable_surveys":false,"footnotes":""},"categories":[1],"tags":[],"class_list":["post-976","post","type-post","status-publish","format-standard","has-post-thumbnail","hentry","category-news"],"_links":{"self":[{"href":"https:\/\/agromt.news\/index.php?rest_route=\/wp\/v2\/posts\/976"}],"collection":[{"href":"https:\/\/agromt.news\/index.php?rest_route=\/wp\/v2\/posts"}],"about":[{"href":"https:\/\/agromt.news\/index.php?rest_route=\/wp\/v2\/types\/post"}],"author":[{"embeddable":true,"href":"https:\/\/agromt.news\/index.php?rest_route=\/wp\/v2\/users\/1"}],"replies":[{"embeddable":true,"href":"https:\/\/agromt.news\/index.php?rest_route=%2Fwp%2Fv2%2Fcomments&post=976"}],"version-history":[{"count":0,"href":"https:\/\/agromt.news\/index.php?rest_route=\/wp\/v2\/posts\/976\/revisions"}],"wp:featuredmedia":[{"embeddable":true,"href":"https:\/\/agromt.news\/index.php?rest_route=\/wp\/v2\/media\/977"}],"wp:attachment":[{"href":"https:\/\/agromt.news\/index.php?rest_route=%2Fwp%2Fv2%2Fmedia&parent=976"}],"wp:term":[{"taxonomy":"category","embeddable":true,"href":"https:\/\/agromt.news\/index.php?rest_route=%2Fwp%2Fv2%2Fcategories&post=976"},{"taxonomy":"post_tag","embeddable":true,"href":"https:\/\/agromt.news\/index.php?rest_route=%2Fwp%2Fv2%2Ftags&post=976"}],"curies":[{"name":"wp","href":"https:\/\/api.w.org\/{rel}","templated":true}]}}