{"id":970,"date":"2024-08-30T21:03:25","date_gmt":"2024-08-31T01:03:25","guid":{"rendered":"https:\/\/agromt.news\/?p=970"},"modified":"2024-08-30T21:03:25","modified_gmt":"2024-08-31T01:03:25","slug":"novo-ciclone-se-forma-no-sul-e-traz-riscos-de-tempestades-veja-a-previsao-completa","status":"publish","type":"post","link":"https:\/\/agromt.news\/?p=970","title":{"rendered":"Novo ciclone se forma no Sul e traz riscos de tempestades; veja a previs\u00e3o completa"},"content":{"rendered":"<p> <br \/>\n<br \/><img decoding=\"async\" src=\"https:\/\/agromt.news\/wp-content\/uploads\/2024\/08\/Novo-ciclone-se-forma-no-Sul-e-traz-riscos-de.jpg\" \/><\/p>\n<div>\n<p>Veja como o clima ir\u00e1 se comportar neste final de semana em todo o Brasil:<\/p>\n<figure class=\"wp-block-embed is-type-video is-provider-youtube wp-block-embed-youtube wp-embed-aspect-16-9 wp-has-aspect-ratio\">\n<p>\n<iframe title=\"Mudan\u00e7as clim\u00e1ticas: produ\u00e7\u00e3o de cana-de-a\u00e7\u00facar pode ter uma queda de 20% em 10 anos\" width=\"800\" height=\"450\" src=\"https:\/\/www.youtube.com\/embed\/qJEiBgnqkYk?feature=oembed\" frameborder=\"0\" allow=\"accelerometer; autoplay; clipboard-write; encrypted-media; gyroscope; picture-in-picture; web-share\" referrerpolicy=\"strict-origin-when-cross-origin\" allowfullscreen><\/iframe><noscript><iframe title=\"Mudan\u00e7as clim\u00e1ticas: produ\u00e7\u00e3o de cana-de-a\u00e7\u00facar pode ter uma queda de 20% em 10 anos\" width=\"800\" height=\"450\" src=\"https:\/\/www.youtube.com\/embed\/qJEiBgnqkYk?feature=oembed\" frameborder=\"0\" allow=\"accelerometer; autoplay; clipboard-write; encrypted-media; gyroscope; picture-in-picture; web-share\" referrerpolicy=\"strict-origin-when-cross-origin\" allowfullscreen><\/iframe><\/noscript>\n<\/p>\n<\/figure>\n<p><em>Confira na palma da m\u00e3o informa\u00e7\u00f5es quentes sobre agricultura, pecu\u00e1ria, economia e previs\u00e3o do tempo:<\/em><a href=\"https:\/\/www.whatsapp.com\/channel\/0029Va9VnZxGk1FplZjiW43k\"><em> <\/em><strong>siga o Canal Rural no WhatsApp<\/strong><\/a>!<\/p>\n<h2 class=\"wp-block-heading\" id=\"h-sabado-31\"><strong>S\u00e1bado (31)<\/strong><\/h2>\n<h3 class=\"wp-block-heading\" id=\"h-sul\"><strong>Sul<\/strong><\/h3>\n<p>A atua\u00e7\u00e3o de um ciclone em alto-mar na altura do <a href=\"https:\/\/www.canalrural.com.br\/tag\/rio-grande-do-sul\/\">Rio Grande do Sul<\/a> vai dar origem a uma nova frente fria que refor\u00e7ar\u00e1 a condi\u00e7\u00e3o de tempo mais inst\u00e1vel sobre o centro-sul e oeste do estado, com risco de chuva forte, especialmente na Campanha ga\u00facha. Porto Alegre ter\u00e1 sol com pancadas de chuva mais r\u00e1pidas. Curitiba e o litoral do Paran\u00e1 podem come\u00e7ar o dia com nevoeiro, e haver\u00e1 muitas nuvens no leste de Santa Catarina, mas sem chuva. O norte do Paran\u00e1 seguir\u00e1 com tempo bem seco. O mar j\u00e1 pode ficar agitado na costa da regi\u00e3o.<\/p>\n<\/div>\n<div>\n<h3 class=\"wp-block-heading\" id=\"h-sudeste\"><strong>Sudeste<\/strong><\/h3>\n<p>Pouca chuva, devido \u00e0 umidade que vem do mar no litoral e no norte do Esp\u00edrito Santo. Alta press\u00e3o impedir\u00e1 a forma\u00e7\u00e3o de instabilidades nas demais \u00e1reas da regi\u00e3o. Dia de sol, quase sem nuvens no c\u00e9u no interior de Minas Gerais e S\u00e3o Paulo. A umidade fica baixa, e o potencial de queimadas volta a preocupar o extremo norte e oeste paulista. Sem chuva em Belo Horizonte, S\u00e3o Paulo e Rio de Janeiro.<\/p>\n<h3 class=\"wp-block-heading\" id=\"h-centro-oeste\"><strong>Centro-Oeste<\/strong><\/h3>\n<p>Ar extremamente seco novamente sobre a regi\u00e3o, com valores de umidade relativa do ar em alerta; as temperaturas m\u00e1ximas sobem \u00e0 tarde, fazendo calor. N\u00e3o h\u00e1 previs\u00e3o de chuva.<\/p>\n<h3 class=\"wp-block-heading\" id=\"h-nordeste\"><strong>Nordeste<\/strong><\/h3>\n<p>O tempo segue inst\u00e1vel, com sol entre nuvens e chuva a qualquer hora no leste e sul da Bahia; pode chover a qualquer momento no litoral de Alagoas. O sol aparece nas demais \u00e1reas da costa leste nordestina, e pode chover de maneira mais r\u00e1pida em Macei\u00f3, Natal, Recife e S\u00e3o Lu\u00eds. O tempo segue firme e seco no interior do Nordeste, sem chuva em Teresina e Fortaleza.<\/p>\n<h3 class=\"wp-block-heading\" id=\"h-norte\"><strong>Norte<\/strong><\/h3>\n<p>Dia de sol e pancadas de chuva associadas ao calor e \u00e0 umidade entre o norte do Amazonas, o estado de Roraima, o noroeste do Par\u00e1 e o Amap\u00e1. Chove fraco apenas no litoral do Par\u00e1, mas Bel\u00e9m segue com tempo firme. A faixa sul da regi\u00e3o segue sem chuva, com muito calor e baixa umidade do ar.<\/p>\n<h2 class=\"wp-block-heading\" id=\"h-domingo-1\u00ba\"><strong>Domingo (1\u00ba)<\/strong><\/h2>\n<h3 class=\"wp-block-heading\" id=\"h-sul-0\"><strong>Sul<\/strong><\/h3>\n<p>A frente fria se desloca e aumenta as condi\u00e7\u00f5es de chuva forte no norte, na Serra do Rio Grande do Sul, no oeste e sul de Santa Catarina, e no sudoeste do Paran\u00e1; o dia j\u00e1 fica mais encoberto e chuvoso. C\u00e9u nublado e condi\u00e7\u00f5es de garoa no centro-sul, litoral ga\u00facho e na grande Porto Alegre. O tempo fica firme apenas no litoral, leste e norte do Paran\u00e1, com um pouco de vento. Pode chover a qualquer hora em Florian\u00f3polis.<\/p>\n<h3 class=\"wp-block-heading\" id=\"h-sudeste-0\"><strong>Sudeste<\/strong><\/h3>\n<p>Domingo de sol, tempo firme e seco na maior parte da regi\u00e3o, com temperatura subindo bem devido \u00e0 condi\u00e7\u00e3o de pr\u00e9-frontal. A umidade do ar pode ficar em aten\u00e7\u00e3o em Belo Horizonte, na cidade do Rio de Janeiro e em S\u00e3o Paulo, com valores abaixo de 30%; alerta para o interior paulista, onde os valores de umidade relativa podem ficar abaixo de 20%.<\/p>\n<h3 class=\"wp-block-heading\" id=\"h-centro-oeste-0\"><strong>Centro-Oeste<\/strong><\/h3>\n<p>O deslocamento de uma frente fria no sul aumenta a quantidade de nuvens no oeste e sul de Mato Grosso do Sul, mas n\u00e3o chove. O predom\u00ednio ainda \u00e9 de ar seco e tempo firme nos tr\u00eas estados e no Distrito Federal. Valores de umidade relativa do ar podem ficar em alerta em Bras\u00edlia, Goi\u00e2nia e Cuiab\u00e1.<\/p>\n<h3 class=\"wp-block-heading\" id=\"h-nordeste-0\"><strong>Nordeste<\/strong><\/h3>\n<p>Sol entre nuvens e chuva a qualquer momento em Alagoas e Sergipe. Salvador pode amanhecer com chuva fraca, que perde for\u00e7a j\u00e1 no in\u00edcio da tarde. O tempo firme e o calor\u00e3o ainda s\u00e3o destaques no interior do Nordeste, com um pouco de vento e umidade em alerta.<\/p>\n<h3 class=\"wp-block-heading\" id=\"h-norte-0\"><strong>Norte<\/strong><\/h3>\n<p>Tempo firme na capital Bel\u00e9m, em Macap\u00e1, Porto Velho e Palmas, com destaque para as m\u00e1ximas bem altas durante a tarde. Chuva concentrada no Acre, Amazonas e em Roraima, podendo ocorrer durante o fim do dia em forma de pancadas mais irregulares.<\/p>\n<\/div>\n<p><br \/>\n<br \/><a href=\"https:\/\/www.canalrural.com.br\/diversos\/novo-ciclone-se-forma-no-sul-e-traz-riscos-de-tempestades-veja-a-previsao-completa\/\">Source link <\/a><\/p>\n","protected":false},"excerpt":{"rendered":"<p>Veja como o clima ir\u00e1 se comportar neste final de semana em todo o Brasil: Confira na palma da m\u00e3o<\/p>\n","protected":false},"author":1,"featured_media":971,"comment_status":"open","ping_status":"open","sticky":false,"template":"","format":"standard","meta":{"_monsterinsights_skip_tracking":false,"_monsterinsights_sitenote_active":false,"_monsterinsights_sitenote_note":"","_monsterinsights_sitenote_category":0,"_uf_show_specific_survey":0,"_uf_disable_surveys":false,"footnotes":""},"categories":[1],"tags":[],"class_list":["post-970","post","type-post","status-publish","format-standard","has-post-thumbnail","hentry","category-news"],"_links":{"self":[{"href":"https:\/\/agromt.news\/index.php?rest_route=\/wp\/v2\/posts\/970"}],"collection":[{"href":"https:\/\/agromt.news\/index.php?rest_route=\/wp\/v2\/posts"}],"about":[{"href":"https:\/\/agromt.news\/index.php?rest_route=\/wp\/v2\/types\/post"}],"author":[{"embeddable":true,"href":"https:\/\/agromt.news\/index.php?rest_route=\/wp\/v2\/users\/1"}],"replies":[{"embeddable":true,"href":"https:\/\/agromt.news\/index.php?rest_route=%2Fwp%2Fv2%2Fcomments&post=970"}],"version-history":[{"count":0,"href":"https:\/\/agromt.news\/index.php?rest_route=\/wp\/v2\/posts\/970\/revisions"}],"wp:featuredmedia":[{"embeddable":true,"href":"https:\/\/agromt.news\/index.php?rest_route=\/wp\/v2\/media\/971"}],"wp:attachment":[{"href":"https:\/\/agromt.news\/index.php?rest_route=%2Fwp%2Fv2%2Fmedia&parent=970"}],"wp:term":[{"taxonomy":"category","embeddable":true,"href":"https:\/\/agromt.news\/index.php?rest_route=%2Fwp%2Fv2%2Fcategories&post=970"},{"taxonomy":"post_tag","embeddable":true,"href":"https:\/\/agromt.news\/index.php?rest_route=%2Fwp%2Fv2%2Ftags&post=970"}],"curies":[{"name":"wp","href":"https:\/\/api.w.org\/{rel}","templated":true}]}}