{"id":9689,"date":"2025-02-17T18:04:17","date_gmt":"2025-02-17T22:04:17","guid":{"rendered":"https:\/\/agromt.news\/?p=9689"},"modified":"2025-02-17T18:04:17","modified_gmt":"2025-02-17T22:04:17","slug":"sp-lanca-plano-para-fortalecer-cooperativas-rurais","status":"publish","type":"post","link":"https:\/\/agromt.news\/?p=9689","title":{"rendered":"SP lan\u00e7a plano para fortalecer cooperativas rurais"},"content":{"rendered":"<p> <br \/>\n<\/p>\n<div>\n<div class=\"row\">\n<div class=\"col-lg col-infos mt-3 mt-lg-0\">\n<div class=\"section-sub-title\">\n<p itemprop=\"description\">&#13;<br \/>\n                                Atualmente, S\u00e3o Paulo conta com 181 cooperativas agropecu\u00e1rias &#13;\n                            <\/p>\n<\/p><\/div>\n<div class=\"container\">\n<div class=\"row\">\n<div class=\"col-lg p-0\">\n<div>\n<div class=\"block-news-main-infos mt-3 text-start\">\n<p>                                            <strong class=\"fn\" itemprop=\"author\" style=\"color: rgb(112, 112, 112); \">&#13;<br \/>\n                                                <a href=\"https:\/\/www.agrolink.com.br\/noticias\/javascript:;\" class=\"text-uppercase\" target=\"_blank\" style=\"color: rgb(112, 112, 112); \" rel=\"noopener\">Agrolink<\/a>&#13;<br \/>\n&#13;<br \/>\n                                                    &#8211; Leonardo Gottems&#13;<br \/>\n&#13;<br \/>\n                                            <\/strong><br \/>\n                                        <\/p>\n<p>                                            <abbr><time datetime=\"2025-02-14T17:51\" itemprop=\"datePublished dateModified\">Publicado em 14\/02\/2025 \u00e0s 17:51h.<\/time><\/abbr><br \/>\n                                            <\/p><\/div>\n<\/p><\/div>\n<\/p><\/div>\n<div class=\"col-lg p-0 text-lg-end\">\n<div>\n<div id=\"mdEnviarPagina\" class=\"modal fade\" role=\"dialog\">\n<div class=\"modal-dialog\">\n<div class=\"modal-content\">\n<div class=\"modal-body\">\n<p><strong>Estimado usu\u00e1rio.<\/strong><br \/>Preencha o formul\u00e1rio abaixo para remeter a p\u00e1gina.<\/p>\n<\/p><\/div>\n<\/p><\/div>\n<\/p><\/div>\n<\/div><\/div>\n<\/p><\/div>\n<\/p><\/div>\n<\/p><\/div>\n<\/p><\/div>\n<\/p><\/div>\n<div class=\"row justify-content-md-center mt-3\">\n<div class=\"col-lg-auto col-image  block-news-main-image d-none d-md-block\">\n<p>                                <img decoding=\"async\" src=\"https:\/\/www.agrolink.com.br\/upload\/imagens-resizes\/fc6356368733444680fba94b0acb49d7_858x483.jpg\" class=\"lazyload \" alt=\"Atualmente, S\u00e3o Paulo conta com 181 cooperativas agropecu\u00e1rias \"\/><br \/>\n                                                <span class=\"d-block mt-1\">Atualmente, S\u00e3o Paulo conta com 181 cooperativas agropecu\u00e1rias  &#8211; Foto: Sheila Flores<\/span><\/p><\/div>\n<\/p><\/div>\n<div class=\"section-description section-description-noticias mt-3\">\n<p>O Governo de S\u00e3o Paulo anunciou um plano para fortalecer o cooperativismo rural no Estado, segundo informa\u00e7\u00f5es divulgadas pela Secretaria de Agricultura e Abastecimento nesta sexta-feira (7). A iniciativa, assinada pelo secret\u00e1rio Guilherme Piai, prev\u00ea a cria\u00e7\u00e3o de uma Diretoria de Cooperativismo e Associativismo dentro da pasta, garantindo a participa\u00e7\u00e3o ativa das cooperativas na formula\u00e7\u00e3o de pol\u00edticas p\u00fablicas. A medida atende a reivindica\u00e7\u00f5es antigas de produtores rurais e agroind\u00fastrias ligadas \u00e0 Organiza\u00e7\u00e3o das Cooperativas do Estado de S\u00e3o Paulo (Ocesp). \u00a0&#13;\n<\/p>\n<p>Outro destaque do plano \u00e9 a inclus\u00e3o das cooperativas de produtores e de cr\u00e9dito no Fundo de Expans\u00e3o do Agroneg\u00f3cio Paulista (FEAP). A meta para 2025 \u00e9 ampliar a aquisi\u00e7\u00e3o de m\u00e1quinas agr\u00edcolas por meio da linha de cr\u00e9dito Pr\u00f3-Trator, que subsidia parte dos juros das opera\u00e7\u00f5es de financiamento. O governo projeta um crescimento de 400% no valor da subven\u00e7\u00e3o estadual em rela\u00e7\u00e3o a 2024, com a expectativa de viabilizar a compra de mil m\u00e1quinas ainda neste ano. \u00a0<\/p>\n<p>Al\u00e9m disso, foi anunciada a inclus\u00e3o do caf\u00e9 no Programa Paulista da Agricultura de Interesse Social (PPAIS), com um processo de ades\u00e3o simplificado para produtores cooperados, desenvolvido pelo Instituto de Terras do Estado de S\u00e3o Paulo (ITESP). A cadeia produtiva do leite tamb\u00e9m ser\u00e1 beneficiada pela continuidade do Hub do Leite e pela parceria com a Comevap, impactando cerca de 600 produtores com pesquisas aplicadas para melhoria da qualidade e competitividade do setor. \u00a0&#13;\n<\/p>\n<p>Atualmente, S\u00e3o Paulo conta com 181 cooperativas agropecu\u00e1rias e 165 mil produtores cooperados, de acordo com a Ocesp. O modelo cooperativista permite maior acesso a insumos de qualidade, tecnologia avan\u00e7ada e assist\u00eancia t\u00e9cnica, al\u00e9m de melhorar a comercializa\u00e7\u00e3o da produ\u00e7\u00e3o e fortalecer as comunidades rurais.<br \/>&#13;<br \/>\n\u00a0<\/p>\n<\/p><\/div>\n<\/p><\/div>\n<p><script data-cfasync=\"false\">\n    !function (f, b, e, v, n, t, s) {\n        if (f.fbq) return; n = f.fbq = function () {\n            n.callMethod ?\n                n.callMethod.apply(n, arguments) : n.queue.push(arguments)\n        };\n        if (!f._fbq) f._fbq = n; n.push = n; n.loaded = !0; n.version = '2.0';\n        n.queue = []; t = b.createElement(e); t.async = !0;\n        t.src = v; s = b.getElementsByTagName(e)[0];\n        s.parentNode.insertBefore(t, s)\n    }(window, document, 'script',\n        'https:\/\/connect.facebook.net\/en_US\/fbevents.js');\n    fbq('init', '522546078623747');\n    fbq('track', 'PageView');\n<\/script><br \/>\n<br \/><br \/>\n<br \/><a href=\"https:\/\/www.agrolink.com.br\/noticias\/sp-lanca-plano-para-fortalecer-cooperativas-rurais_499375.html\">Source link <\/a><\/p>\n","protected":false},"excerpt":{"rendered":"<p>&#13; Atualmente, S\u00e3o Paulo conta com 181 cooperativas agropecu\u00e1rias &#13; &#13; Agrolink&#13; &#13; &#8211; Leonardo Gottems&#13; &#13; Publicado em 14\/02\/2025<\/p>\n","protected":false},"author":1,"featured_media":9690,"comment_status":"open","ping_status":"open","sticky":false,"template":"","format":"standard","meta":{"_monsterinsights_skip_tracking":false,"_monsterinsights_sitenote_active":false,"_monsterinsights_sitenote_note":"","_monsterinsights_sitenote_category":0,"_uf_show_specific_survey":0,"_uf_disable_surveys":false,"footnotes":""},"categories":[8,1,14],"tags":[],"class_list":["post-9689","post","type-post","status-publish","format-standard","has-post-thumbnail","hentry","category-agro","category-news","category-politica-agro"],"_links":{"self":[{"href":"https:\/\/agromt.news\/index.php?rest_route=\/wp\/v2\/posts\/9689"}],"collection":[{"href":"https:\/\/agromt.news\/index.php?rest_route=\/wp\/v2\/posts"}],"about":[{"href":"https:\/\/agromt.news\/index.php?rest_route=\/wp\/v2\/types\/post"}],"author":[{"embeddable":true,"href":"https:\/\/agromt.news\/index.php?rest_route=\/wp\/v2\/users\/1"}],"replies":[{"embeddable":true,"href":"https:\/\/agromt.news\/index.php?rest_route=%2Fwp%2Fv2%2Fcomments&post=9689"}],"version-history":[{"count":0,"href":"https:\/\/agromt.news\/index.php?rest_route=\/wp\/v2\/posts\/9689\/revisions"}],"wp:featuredmedia":[{"embeddable":true,"href":"https:\/\/agromt.news\/index.php?rest_route=\/wp\/v2\/media\/9690"}],"wp:attachment":[{"href":"https:\/\/agromt.news\/index.php?rest_route=%2Fwp%2Fv2%2Fmedia&parent=9689"}],"wp:term":[{"taxonomy":"category","embeddable":true,"href":"https:\/\/agromt.news\/index.php?rest_route=%2Fwp%2Fv2%2Fcategories&post=9689"},{"taxonomy":"post_tag","embeddable":true,"href":"https:\/\/agromt.news\/index.php?rest_route=%2Fwp%2Fv2%2Ftags&post=9689"}],"curies":[{"name":"wp","href":"https:\/\/api.w.org\/{rel}","templated":true}]}}