{"id":9685,"date":"2025-02-17T16:39:02","date_gmt":"2025-02-17T20:39:02","guid":{"rendered":"https:\/\/agromt.news\/?p=9685"},"modified":"2025-02-17T16:39:02","modified_gmt":"2025-02-17T20:39:02","slug":"exportacoes-de-acucar-reduzem-471-na-comparacao-com-a-media-de-fevereiro","status":"publish","type":"post","link":"https:\/\/agromt.news\/?p=9685","title":{"rendered":"Exporta\u00e7\u00f5es de a\u00e7\u00facar reduzem 47,1% na compara\u00e7\u00e3o com a m\u00e9dia de fevereiro&#8230;"},"content":{"rendered":"<p> <br \/>\n<\/p>\n<div>\n<div class=\"materia\">\n<p><img decoding=\"async\" alt=\"Logotipo Not&#xED;cias Agr&#xED;colas\" height=\"21\" src=\"https:\/\/cdn.noticiasagricolas.com.br\/dbimagens\/e12363a00741f9cc7caf23469101a4aa.png\" width=\"106\"\/><\/p>\n<p>As exporta\u00e7\u00f5es de a\u00e7\u00facar e mela\u00e7os pelos Brasil durante os primeiros dez dias \u00fateis deste m\u00eas tiveram uma m\u00e9dia di\u00e1ria 47,1% inferior \u00e0 de fevereiro de 2024. Isso \u00e9 o que mostra relat\u00f3rio divulgado nesta segunda-feira (17) pelo Minist\u00e9rio do Desenvolvimento, Ind\u00fastria, Com\u00e9rcio e Servi\u00e7os, por meio da Secretaria de Com\u00e9rcio Exterior (Secex).<\/p>\n<p>Enquanto que fevereiro de 2024 teve uma m\u00e9dia di\u00e1ria de exporta\u00e7\u00f5es de a\u00e7\u00facar e mela\u00e7os de 158.125,2 toneladas, sendo que em todo o m\u00eas os embarques chegaram a 3.004.379,0 toneladas. No in\u00edcio do m\u00eas atual, a m\u00e9dia \u00e9 de 83.709,3 toneladas, com um total de 83.709,3 toneladas at\u00e9 o momento.<\/p>\n<p style=\"text-align:justify;\">Diante de uma queda de 10,6% no pre\u00e7o, que passou de US$ 526,6\/tonelada para US$ 471,0\/tonelada em 2025. Por isso, houve uma redu\u00e7\u00e3o de 52,7% na m\u00e9dia de fatura\u00e7\u00e3o, que caiu de US$ 83.263,7 mil para US$ 39.423,7 mil. Dessa maneira, at\u00e9 o momento, em dez dias \u00fateis, o Brasil faturou US$ 394.236,8 mil com embarques de a\u00e7\u00facar e mela\u00e7os, sendo que em todo fevereiro de 2024, em 19 dias \u00fateis, foram US$ 1.582.010,4 mil.<\/p>\n<\/p><\/div>\n<div class=\"grupo-whatsapp\">\n      J\u00e1 segue nosso Canal oficial no WhatsApp? <a href=\"https:\/\/bit.ly\/Canal_NA\" target=\"_blank\" rel=\"noopener\"><strong>Clique Aqui<\/strong><\/a> para receber em primeira m\u00e3o as principais not\u00edcias do agroneg\u00f3cio\n    <\/div>\n<div class=\"fonte\">\n<p>Fonte:<\/p>\n<p>                  <span>Not\u00edcias Agr\u00edcolas<\/span>\n              <\/div>\n<\/p><\/div>\n<p><script async defer src=\"https:\/\/connect.facebook.net\/en_US\/sdk.js\" type=\"6ed42fd66d57d70273fa27af-text\/javascript\"><\/script><script type=\"6ed42fd66d57d70273fa27af-text\/javascript\">\n  !function(f,b,e,v,n,t,s)\n  {if(f.fbq)return;n=f.fbq=function(){n.callMethod?\n    n.callMethod.apply(n,arguments):n.queue.push(arguments)};\n    if(!f._fbq)f._fbq=n;n.push=n;n.loaded=!0;n.version='2.0';\n    n.queue=[];t=b.createElement(e);t.async=!0;\n    t.src=v;s=b.getElementsByTagName(e)[0];\n    s.parentNode.insertBefore(t,s)}(window, document,'script',\n    'https:\/\/connect.facebook.net\/en_US\/fbevents.js');\n  fbq('init', '153495679422335');\n  fbq('track', 'PageView');\n<\/script><br \/>\n<br \/><br \/>\n<br \/><a href=\"https:\/\/www.noticiasagricolas.com.br\/noticias\/sucroenergetico\/394586-exportacoes-de-acucar-reduzem-47-1-na-comparacao-com-a-media-de-fevereiro-de-2024.html\">Source link <\/a><\/p>\n","protected":false},"excerpt":{"rendered":"<p>As exporta\u00e7\u00f5es de a\u00e7\u00facar e mela\u00e7os pelos Brasil durante os primeiros dez dias \u00fateis deste m\u00eas tiveram uma m\u00e9dia di\u00e1ria<\/p>\n","protected":false},"author":1,"featured_media":9686,"comment_status":"open","ping_status":"open","sticky":false,"template":"","format":"standard","meta":{"_monsterinsights_skip_tracking":false,"_monsterinsights_sitenote_active":false,"_monsterinsights_sitenote_note":"","_monsterinsights_sitenote_category":0,"_uf_show_specific_survey":0,"_uf_disable_surveys":false,"footnotes":""},"categories":[8,1,14,16],"tags":[],"class_list":["post-9685","post","type-post","status-publish","format-standard","has-post-thumbnail","hentry","category-agro","category-news","category-politica-agro","category-safra"],"_links":{"self":[{"href":"https:\/\/agromt.news\/index.php?rest_route=\/wp\/v2\/posts\/9685"}],"collection":[{"href":"https:\/\/agromt.news\/index.php?rest_route=\/wp\/v2\/posts"}],"about":[{"href":"https:\/\/agromt.news\/index.php?rest_route=\/wp\/v2\/types\/post"}],"author":[{"embeddable":true,"href":"https:\/\/agromt.news\/index.php?rest_route=\/wp\/v2\/users\/1"}],"replies":[{"embeddable":true,"href":"https:\/\/agromt.news\/index.php?rest_route=%2Fwp%2Fv2%2Fcomments&post=9685"}],"version-history":[{"count":0,"href":"https:\/\/agromt.news\/index.php?rest_route=\/wp\/v2\/posts\/9685\/revisions"}],"wp:featuredmedia":[{"embeddable":true,"href":"https:\/\/agromt.news\/index.php?rest_route=\/wp\/v2\/media\/9686"}],"wp:attachment":[{"href":"https:\/\/agromt.news\/index.php?rest_route=%2Fwp%2Fv2%2Fmedia&parent=9685"}],"wp:term":[{"taxonomy":"category","embeddable":true,"href":"https:\/\/agromt.news\/index.php?rest_route=%2Fwp%2Fv2%2Fcategories&post=9685"},{"taxonomy":"post_tag","embeddable":true,"href":"https:\/\/agromt.news\/index.php?rest_route=%2Fwp%2Fv2%2Ftags&post=9685"}],"curies":[{"name":"wp","href":"https:\/\/api.w.org\/{rel}","templated":true}]}}