{"id":9681,"date":"2025-02-17T14:24:10","date_gmt":"2025-02-17T18:24:10","guid":{"rendered":"https:\/\/agromt.news\/?p=9681"},"modified":"2025-02-17T14:24:10","modified_gmt":"2025-02-17T18:24:10","slug":"tempo-seco-e-quente-sistema-de-alta-pressao-ganha-forca-e-chuva-diminui","status":"publish","type":"post","link":"https:\/\/agromt.news\/?p=9681","title":{"rendered":"Tempo seco e quente! Sistema de alta press\u00e3o ganha for\u00e7a e chuva diminui"},"content":{"rendered":"<p> <br \/>\n<br \/><img decoding=\"async\" src=\"https:\/\/agromt.news\/wp-content\/uploads\/2025\/02\/Tempo-seco-e-quente-Sistema-de-alta-pressao-ganha-forca.jpg\" \/><\/p>\n<div>\n<p>O instituto<strong><a href=\"https:\/\/www.canalrural.com.br\/tag\/climatempo\/\"> Climatempo<\/a><\/strong> divulgou um boletim informando que a atua\u00e7\u00e3o de um <strong><a href=\"https:\/\/www.canalrural.com.br\/tag\/alta-press%C3%A3o\/\">sistema de alta press\u00e3o <\/a><\/strong>deve manter o predom\u00ednio de tempo firme em praticamente todos os estados da regi\u00e3o Sudeste. Sendo assim, o calor ganha for\u00e7a e segue sendo destaque em todas as capitais, com chance para recorde na cidade do Rio, com 40\u202f\u00b0C, em S\u00e3o Paulo, com 34\u202f\u00b0C e em Vit\u00f3ria, com 37\u202f\u00b0C.<\/p>\n<p>Esse sistema impede a forma\u00e7\u00e3o de instabilidades. O estado de S\u00e3o Paulo ter\u00e1 muito sol, pouca nebulosidade e calor. A capital paulista pode registrar ao longo da semana recordes para o ano de 2025. A Climatempo prev\u00ea m\u00e1xima de 35\u202f\u00b0C. No interior, as m\u00e1ximas podem variar em torno de 35 a 37\u202f\u00b0C. Litoral n\u00e3o tem previs\u00e3o de chuva e as m\u00e1ximas ficam acima de 30\u202f\u00b0C.<\/p>\n<h2 class=\"wp-block-heading\" id=\"h-onde-chove\">Onde chove<\/h2>\n<p>Uma frente fria avan\u00e7a sobre a costa do <strong><a href=\"https:\/\/www.canalrural.com.br\/nacional\/rio-grande-do-sul\/\">Rio Grande do Sul<\/a><\/strong> e refor\u00e7a as instabilidades sobre o estado. Ainda no per\u00edodo da manh\u00e3, condi\u00e7\u00f5es para alguns n\u00facleos de chuva sobre \u00e1reas da Campanha Ga\u00facha, Fronteira Oeste, Sul, Regi\u00e3o Central e Regi\u00e3o Metropolitana.<\/p>\n<p>No decorrer das horas, os term\u00f4metros devem seguir apresentando eleva\u00e7\u00e3o mais significativa e o tempo fica abafado \u2013 a chuva tamb\u00e9m ganha for\u00e7a entre o final da manh\u00e3 e durante a tarde, com ALERTA para temporais, inclusive na grande Porto Alegre.<\/p>\n<p>Em Santa Catarina, a semana come\u00e7a sob condi\u00e7\u00e3o de tempo mais aberto, marcado pela presen\u00e7a de sol entre algumas nuvens. A partir da tarde de hoje (17), as instabilidades associadas \u00e0 frente fria avan\u00e7am sobre o estado catarinense, que fica em aten\u00e7\u00e3o para chuva forte; risco para alguns temporais no sul e no litoral sul catarinense.<\/p>\n<\/div>\n<div>\n<p>No Paran\u00e1, as condi\u00e7\u00f5es s\u00e3o semelhantes: sol entre nuvens em boa parte do dia, e chuva sobre \u00e1reas do sul paranaense entre o fim da tarde e in\u00edcio desta noite.<\/p>\n<p>Na Regi\u00e3o Centro-Oeste, a combina\u00e7\u00e3o de calor e umidade continuam provocando algumas pancadas de chuva sobre a Regi\u00e3o. \u00c1reas do Mato Grosso do Sul, Mato Grosso e Goi\u00e1s ter\u00e3o muito calor, com condi\u00e7\u00f5es de chuva \u00e0 tarde que pode vir com for\u00e7a e acompanhada por raios.<\/p>\n<h2 class=\"wp-block-heading\" id=\"h-chuva-no-litoral\">Chuva no litoral<\/h2>\n<p>No Nordeste, a ZCIT e a circula\u00e7\u00e3o de ventos mar\u00edtimos sobre a costa v\u00e3o continuar estimulando a forma\u00e7\u00e3o de nuvens carregadas sobre a costa norte e leste da regi\u00e3o. \u00c1reas do sert\u00e3o e agreste com predom\u00ednio de sol e muito calor.<\/p>\n<p>Na regi\u00e3o Norte, as instabilidades continuam atuando sobre todos os estados. Destaque para a condi\u00e7\u00e3o de chuva mais pesada entre Amazonas, Par\u00e1, Acre e Rond\u00f4nia com alerta de temporais. No Amap\u00e1, a chuva segue associada \u00e0 aproxima\u00e7\u00e3o da ZCIT e h\u00e1 risco de volumes elevados e chuva frequente em Macap\u00e1.<\/p>\n<\/p><\/div>\n<p><br \/>\n<br \/><a href=\"https:\/\/www.canalrural.com.br\/tempo\/tempo-seco-e-quente-sistema-de-alta-pressao-ganha-forca-e-chuva-diminui\/\">Source link <\/a><\/p>\n","protected":false},"excerpt":{"rendered":"<p>O instituto Climatempo divulgou um boletim informando que a atua\u00e7\u00e3o de um sistema de alta press\u00e3o deve manter o predom\u00ednio<\/p>\n","protected":false},"author":1,"featured_media":9682,"comment_status":"open","ping_status":"open","sticky":false,"template":"","format":"standard","meta":{"_monsterinsights_skip_tracking":false,"_monsterinsights_sitenote_active":false,"_monsterinsights_sitenote_note":"","_monsterinsights_sitenote_category":0,"_uf_show_specific_survey":0,"_uf_disable_surveys":false,"footnotes":""},"categories":[1],"tags":[],"class_list":["post-9681","post","type-post","status-publish","format-standard","has-post-thumbnail","hentry","category-news"],"_links":{"self":[{"href":"https:\/\/agromt.news\/index.php?rest_route=\/wp\/v2\/posts\/9681"}],"collection":[{"href":"https:\/\/agromt.news\/index.php?rest_route=\/wp\/v2\/posts"}],"about":[{"href":"https:\/\/agromt.news\/index.php?rest_route=\/wp\/v2\/types\/post"}],"author":[{"embeddable":true,"href":"https:\/\/agromt.news\/index.php?rest_route=\/wp\/v2\/users\/1"}],"replies":[{"embeddable":true,"href":"https:\/\/agromt.news\/index.php?rest_route=%2Fwp%2Fv2%2Fcomments&post=9681"}],"version-history":[{"count":0,"href":"https:\/\/agromt.news\/index.php?rest_route=\/wp\/v2\/posts\/9681\/revisions"}],"wp:featuredmedia":[{"embeddable":true,"href":"https:\/\/agromt.news\/index.php?rest_route=\/wp\/v2\/media\/9682"}],"wp:attachment":[{"href":"https:\/\/agromt.news\/index.php?rest_route=%2Fwp%2Fv2%2Fmedia&parent=9681"}],"wp:term":[{"taxonomy":"category","embeddable":true,"href":"https:\/\/agromt.news\/index.php?rest_route=%2Fwp%2Fv2%2Fcategories&post=9681"},{"taxonomy":"post_tag","embeddable":true,"href":"https:\/\/agromt.news\/index.php?rest_route=%2Fwp%2Fv2%2Ftags&post=9681"}],"curies":[{"name":"wp","href":"https:\/\/api.w.org\/{rel}","templated":true}]}}