{"id":966,"date":"2024-08-30T12:42:19","date_gmt":"2024-08-30T16:42:19","guid":{"rendered":"https:\/\/agromt.news\/?p=966"},"modified":"2024-08-30T12:42:19","modified_gmt":"2024-08-30T16:42:19","slug":"sobe-para-dez-numero-de-presos-por-incendios-em-sao-paulo","status":"publish","type":"post","link":"https:\/\/agromt.news\/?p=966","title":{"rendered":"Sobe para dez n\u00famero de presos por inc\u00eandios em S\u00e3o Paulo"},"content":{"rendered":"<p> <br \/>\n<\/p>\n<div>\n<p>A Secretaria de Seguran\u00e7a P\u00fablica de S\u00e3o Paulo (SSP-SP) informou que prendeu,\u00a0nessa quinta-feira (29), o d\u00e9cimo suspeito de envolvimento\u00a0em <a href=\"https:\/\/www.canalrural.com.br\/tag\/incendios\/\">inc\u00eandio<\/a>\u00a0no estado desde o \u00faltimo dia 21.<img decoding=\"async\" src=\"https:\/\/agromt.news\/wp-content\/uploads\/2024\/08\/Sobe-para-dez-numero-de-presos-por-incendios-em-Sao.png\"\/><img decoding=\"async\" src=\"https:\/\/agromt.news\/wp-content\/uploads\/2024\/08\/Sobe-para-dez-numero-de-presos-por-incendios-em-Sao.png\"\/><img decoding=\"async\" src=\"https:\/\/agromt.news\/wp-content\/uploads\/2024\/08\/Sobe-para-dez-numero-de-presos-por-incendios-em-Sao.gif\"\/><img decoding=\"async\" src=\"https:\/\/agromt.news\/wp-content\/uploads\/2024\/08\/Sobe-para-dez-numero-de-presos-por-incendios-em-Sao.gif\"\/><\/p>\n<p>O homem, de 39 anos, ateou fogo em diversos pontos de uma planta\u00e7\u00e3o de cana na cidade de Pindorama, pr\u00f3xima de S\u00e3o Jos\u00e9 do Rio Preto. O fogo se alastrou por \u00e1rea extensa da lavoura, cen\u00e1rio que tem sido comum devido ao tempo excepcionalmente seco das \u00faltimas semanas. A pris\u00e3o foi em flagrante\u00a0ap\u00f3s os vigilantes de uma empresa perto do local\u00a0chamarem a pol\u00edcia.<\/p>\n<p><em>Confira na palma da m\u00e3o informa\u00e7\u00f5es quentes sobre agricultura, pecu\u00e1ria, economia e previs\u00e3o do tempo:<\/em><a href=\"https:\/\/www.whatsapp.com\/channel\/0029Va9VnZxGk1FplZjiW43k\"><em> <\/em><strong>siga o Canal Rural no WhatsApp<\/strong><\/a>!<\/p>\n<\/div>\n<div>\n<p>Com o homem, foram apreendidos uma bicicleta, um isqueiro, uma caixa de f\u00f3sforos e R$ 158. Em depoimento\u00a0\u00e0 pol\u00edcia, ele disse\u00a0ter usado drogas antes do crime. O homem\u00a0foi encaminhado \u00e0 Cadeia P\u00fablica de Catanduva.<\/p>\n<p>Esse caso e os outros nove\u00a0que resultaram em pris\u00f5es recentes por inc\u00eandio n\u00e3o possuem rela\u00e7\u00e3o\u00a0entre si, segundo a SSP-SP.<\/p>\n<p>A onda de inc\u00eandios no estado j\u00e1 tem preju\u00edzo estimado de mais de R$ 1 bilh\u00e3o, segundo o governo estadual. Mais de 7 mil agentes p\u00fablicos trabalharam no combate \u00e0s chamas\u00a0na \u00faltima semana. Duas pessoas morreram\u00a0no combate \u00e0s chamas.<\/p>\n<\/div>\n<p><br \/>\n<br \/><a href=\"https:\/\/www.canalrural.com.br\/nacional\/sobe-para-dez-numero-de-presos-por-incendios-em-sao-paulo\/\">Source link <\/a><\/p>\n","protected":false},"excerpt":{"rendered":"<p>A Secretaria de Seguran\u00e7a P\u00fablica de S\u00e3o Paulo (SSP-SP) informou que prendeu,\u00a0nessa quinta-feira (29), o d\u00e9cimo suspeito de envolvimento\u00a0em inc\u00eandio\u00a0no<\/p>\n","protected":false},"author":1,"featured_media":967,"comment_status":"open","ping_status":"open","sticky":false,"template":"","format":"standard","meta":{"_monsterinsights_skip_tracking":false,"_monsterinsights_sitenote_active":false,"_monsterinsights_sitenote_note":"","_monsterinsights_sitenote_category":0,"_uf_show_specific_survey":0,"_uf_disable_surveys":false,"footnotes":""},"categories":[1],"tags":[],"class_list":["post-966","post","type-post","status-publish","format-standard","has-post-thumbnail","hentry","category-news"],"_links":{"self":[{"href":"https:\/\/agromt.news\/index.php?rest_route=\/wp\/v2\/posts\/966"}],"collection":[{"href":"https:\/\/agromt.news\/index.php?rest_route=\/wp\/v2\/posts"}],"about":[{"href":"https:\/\/agromt.news\/index.php?rest_route=\/wp\/v2\/types\/post"}],"author":[{"embeddable":true,"href":"https:\/\/agromt.news\/index.php?rest_route=\/wp\/v2\/users\/1"}],"replies":[{"embeddable":true,"href":"https:\/\/agromt.news\/index.php?rest_route=%2Fwp%2Fv2%2Fcomments&post=966"}],"version-history":[{"count":0,"href":"https:\/\/agromt.news\/index.php?rest_route=\/wp\/v2\/posts\/966\/revisions"}],"wp:featuredmedia":[{"embeddable":true,"href":"https:\/\/agromt.news\/index.php?rest_route=\/wp\/v2\/media\/967"}],"wp:attachment":[{"href":"https:\/\/agromt.news\/index.php?rest_route=%2Fwp%2Fv2%2Fmedia&parent=966"}],"wp:term":[{"taxonomy":"category","embeddable":true,"href":"https:\/\/agromt.news\/index.php?rest_route=%2Fwp%2Fv2%2Fcategories&post=966"},{"taxonomy":"post_tag","embeddable":true,"href":"https:\/\/agromt.news\/index.php?rest_route=%2Fwp%2Fv2%2Ftags&post=966"}],"curies":[{"name":"wp","href":"https:\/\/api.w.org\/{rel}","templated":true}]}}