{"id":964,"date":"2024-08-30T11:43:37","date_gmt":"2024-08-30T15:43:37","guid":{"rendered":"https:\/\/agromt.news\/?p=964"},"modified":"2024-08-30T11:43:37","modified_gmt":"2024-08-30T15:43:37","slug":"estarei-presente-na-abertura-da-expointer-afirma-favaro-apos-cogitar-ausencia","status":"publish","type":"post","link":"https:\/\/agromt.news\/?p=964","title":{"rendered":"&#8220;Estarei presente na abertura da Expointer&#8221;, afirma F\u00e1varo ap\u00f3s cogitar aus\u00eancia"},"content":{"rendered":"<p> <br \/>\n<br \/><img decoding=\"async\" src=\"https:\/\/agromt.news\/wp-content\/uploads\/2024\/08\/Estarei-presente-na-abertura-da-Expointer-afirma-Favaro-apos-cogitar.jpg\" \/><\/p>\n<div>\n<p>Na \u00faltima quinta-feira (29), o ministro da Agricultura, <strong>Carlos F\u00e1varo<\/strong>, confirmou que estar\u00e1 presente na abertura oficial da <a href=\"https:\/\/www.canalrural.com.br\/tag\/expointer\/\">47\u00aa Expointer<\/a>, em Esteio, Rio Grande do Sul, nesta sexta-feira (30). Inicialmente, F\u00e1varo teria dito que n\u00e3o conseguiria comparecer ao evento devido \u00e0 indisponibilidade de um voo da For\u00e7a A\u00e9rea Brasileira (FAB). No entanto, posteriormente, o ministro garantiu sua participa\u00e7\u00e3o.<\/p>\n<p><em>Confira na palma da m\u00e3o informa\u00e7\u00f5es quentes sobre agricultura, pecu\u00e1ria, economia e previs\u00e3o do tempo:<\/em><a href=\"https:\/\/www.whatsapp.com\/channel\/0029Va9VnZxGk1FplZjiW43k\"><em> <\/em><strong>siga o Canal Rural no WhatsApp<\/strong><\/a>!<\/p>\n<p>F\u00e1varo deve se juntar ao ministro extraordin\u00e1rio da Reconstru\u00e7\u00e3o do Rio Grande do Sul, Paulo Pimenta, para anunciar medidas de apoio aos produtores ga\u00fachos afetados pelas enchentes de maio. A expectativa \u00e9 que as a\u00e7\u00f5es incluam adequa\u00e7\u00f5es na Medida Provis\u00f3ria 1247, permitindo aos produtores repactuar d\u00edvidas e acessar novos financiamentos.<\/p>\n<\/div>\n<p><br \/>\n<br \/><a href=\"https:\/\/www.canalrural.com.br\/agricultura\/estarei-presente-na-abertura-da-expointer-afirma-favaro-apos-cogitar-ausencia\/\">Source link <\/a><\/p>\n","protected":false},"excerpt":{"rendered":"<p>Na \u00faltima quinta-feira (29), o ministro da Agricultura, Carlos F\u00e1varo, confirmou que estar\u00e1 presente na abertura oficial da 47\u00aa Expointer,<\/p>\n","protected":false},"author":1,"featured_media":965,"comment_status":"open","ping_status":"open","sticky":false,"template":"","format":"standard","meta":{"_monsterinsights_skip_tracking":false,"_monsterinsights_sitenote_active":false,"_monsterinsights_sitenote_note":"","_monsterinsights_sitenote_category":0,"_uf_show_specific_survey":0,"_uf_disable_surveys":false,"footnotes":""},"categories":[1],"tags":[],"class_list":["post-964","post","type-post","status-publish","format-standard","has-post-thumbnail","hentry","category-news"],"_links":{"self":[{"href":"https:\/\/agromt.news\/index.php?rest_route=\/wp\/v2\/posts\/964"}],"collection":[{"href":"https:\/\/agromt.news\/index.php?rest_route=\/wp\/v2\/posts"}],"about":[{"href":"https:\/\/agromt.news\/index.php?rest_route=\/wp\/v2\/types\/post"}],"author":[{"embeddable":true,"href":"https:\/\/agromt.news\/index.php?rest_route=\/wp\/v2\/users\/1"}],"replies":[{"embeddable":true,"href":"https:\/\/agromt.news\/index.php?rest_route=%2Fwp%2Fv2%2Fcomments&post=964"}],"version-history":[{"count":0,"href":"https:\/\/agromt.news\/index.php?rest_route=\/wp\/v2\/posts\/964\/revisions"}],"wp:featuredmedia":[{"embeddable":true,"href":"https:\/\/agromt.news\/index.php?rest_route=\/wp\/v2\/media\/965"}],"wp:attachment":[{"href":"https:\/\/agromt.news\/index.php?rest_route=%2Fwp%2Fv2%2Fmedia&parent=964"}],"wp:term":[{"taxonomy":"category","embeddable":true,"href":"https:\/\/agromt.news\/index.php?rest_route=%2Fwp%2Fv2%2Fcategories&post=964"},{"taxonomy":"post_tag","embeddable":true,"href":"https:\/\/agromt.news\/index.php?rest_route=%2Fwp%2Fv2%2Ftags&post=964"}],"curies":[{"name":"wp","href":"https:\/\/api.w.org\/{rel}","templated":true}]}}