{"id":958,"date":"2024-08-30T09:16:09","date_gmt":"2024-08-30T13:16:09","guid":{"rendered":"https:\/\/agromt.news\/?p=958"},"modified":"2024-08-30T09:16:09","modified_gmt":"2024-08-30T13:16:09","slug":"termometros-vao-registrar-calor-acima-de-35-c-hoje","status":"publish","type":"post","link":"https:\/\/agromt.news\/?p=958","title":{"rendered":"term\u00f4metros v\u00e3o registrar calor acima de 35 \u00b0C hoje"},"content":{"rendered":"<p> <br \/>\n<br \/><img decoding=\"async\" src=\"https:\/\/agromt.news\/wp-content\/uploads\/2024\/08\/termometros-vao-registrar-calor-acima-de-35-\u00b0C-hoje.jpg\" \/><\/p>\n<div>\n<p>Na \u00faltima sexta-feira do m\u00eas, a regi\u00e3o Sul do Brasil apresenta pouca precipita\u00e7\u00e3o. O dia pode come\u00e7ar com n\u00e9voa ou nevoeiro no litoral norte de Santa Catarina, no leste do Paran\u00e1 e em Curitiba. No extremo sul do <a href=\"https:\/\/www.canalrural.com.br\/tag\/rio-grande-do-sul\/\">Rio Grande do Sul<\/a>, h\u00e1 previs\u00e3o de chuvas leves, resultantes do transporte de umidade pela circula\u00e7\u00e3o dos ventos na atmosfera. Porto Alegre e a Regi\u00e3o Serrana ga\u00facha devem terminar a semana com sol, tempo firme e temperaturas em eleva\u00e7\u00e3o. A umidade do ar permanece baixa, abaixo dos 30%, no oeste de Santa Catarina e na maior parte do Paran\u00e1, indicando condi\u00e7\u00f5es de tempo seco.<\/p>\n<p><em>Confira na palma da m\u00e3o informa\u00e7\u00f5es quentes sobre agricultura, pecu\u00e1ria, economia e previs\u00e3o do tempo:<\/em><a href=\"https:\/\/www.whatsapp.com\/channel\/0029Va9VnZxGk1FplZjiW43k\"><em> <\/em><strong>siga o Canal Rural no WhatsApp<\/strong><\/a>!<\/p>\n<p>No Sudeste, o ar seco continua impedindo a forma\u00e7\u00e3o de nuvens carregadas. A semana se encerra com tempo firme, calor e ar seco em toda a regi\u00e3o. Em S\u00e3o Paulo, no litoral sul paulista e na Zona da Mata de Minas Gerais, o dia pode come\u00e7ar com nevoeiro, que tende a se dissipar rapidamente at\u00e9 o final da manh\u00e3. As temperaturas voltam a subir no Rio de Janeiro e em Vit\u00f3ria, mantendo o clima quente.<\/p>\n<\/div>\n<div>\n<p>O Centro-Oeste segue com tempo seco e sem previs\u00e3o de chuva. As temperaturas durante a tarde ficam elevadas, facilmente ultrapassando os 35 \u00b0C, especialmente entre Mato Grosso e Mato Grosso do Sul. A baixa umidade relativa do ar, que atinge valores abaixo de 20%, aumenta o risco de queimadas. Ventos moderados, que podem ocorrer a qualquer momento nos tr\u00eas estados, favorecem a propaga\u00e7\u00e3o de focos de inc\u00eandio.<\/p>\n<p>Na regi\u00e3o Nordeste, a costa leste mant\u00e9m condi\u00e7\u00f5es para pancadas de chuva desde o litoral norte da Bahia at\u00e9 o litoral de Pernambuco, com risco de temporais em Salvador e chuva de moderada intensidade em Macei\u00f3 e Recife. Nas regi\u00f5es de Maranh\u00e3o, Piau\u00ed e Cear\u00e1, o tempo permanece firme e seco, acompanhado de ventos ao longo do dia.<\/p>\n<p>No Norte do pa\u00eds, a faixa sul continua sem chuva e com ar bastante seco. A semana termina com tempo firme em Bel\u00e9m, no Par\u00e1. No entanto, h\u00e1 previs\u00e3o de chuvas mais irregulares, com risco de temporais no extremo norte do Amazonas, sul de Roraima e noroeste do Par\u00e1, destacando a variabilidade clim\u00e1tica na regi\u00e3o.<\/p>\n<\/div>\n<p><br \/>\n<br \/><a href=\"https:\/\/www.canalrural.com.br\/tempo\/fim-do-frio-termometros-vao-registrar-calor-acima-de-35-c-hoje\/\">Source link <\/a><\/p>\n","protected":false},"excerpt":{"rendered":"<p>Na \u00faltima sexta-feira do m\u00eas, a regi\u00e3o Sul do Brasil apresenta pouca precipita\u00e7\u00e3o. O dia pode come\u00e7ar com n\u00e9voa ou<\/p>\n","protected":false},"author":1,"featured_media":959,"comment_status":"open","ping_status":"open","sticky":false,"template":"","format":"standard","meta":{"_monsterinsights_skip_tracking":false,"_monsterinsights_sitenote_active":false,"_monsterinsights_sitenote_note":"","_monsterinsights_sitenote_category":0,"_uf_show_specific_survey":0,"_uf_disable_surveys":false,"footnotes":""},"categories":[1],"tags":[],"class_list":["post-958","post","type-post","status-publish","format-standard","has-post-thumbnail","hentry","category-news"],"_links":{"self":[{"href":"https:\/\/agromt.news\/index.php?rest_route=\/wp\/v2\/posts\/958"}],"collection":[{"href":"https:\/\/agromt.news\/index.php?rest_route=\/wp\/v2\/posts"}],"about":[{"href":"https:\/\/agromt.news\/index.php?rest_route=\/wp\/v2\/types\/post"}],"author":[{"embeddable":true,"href":"https:\/\/agromt.news\/index.php?rest_route=\/wp\/v2\/users\/1"}],"replies":[{"embeddable":true,"href":"https:\/\/agromt.news\/index.php?rest_route=%2Fwp%2Fv2%2Fcomments&post=958"}],"version-history":[{"count":0,"href":"https:\/\/agromt.news\/index.php?rest_route=\/wp\/v2\/posts\/958\/revisions"}],"wp:featuredmedia":[{"embeddable":true,"href":"https:\/\/agromt.news\/index.php?rest_route=\/wp\/v2\/media\/959"}],"wp:attachment":[{"href":"https:\/\/agromt.news\/index.php?rest_route=%2Fwp%2Fv2%2Fmedia&parent=958"}],"wp:term":[{"taxonomy":"category","embeddable":true,"href":"https:\/\/agromt.news\/index.php?rest_route=%2Fwp%2Fv2%2Fcategories&post=958"},{"taxonomy":"post_tag","embeddable":true,"href":"https:\/\/agromt.news\/index.php?rest_route=%2Fwp%2Fv2%2Ftags&post=958"}],"curies":[{"name":"wp","href":"https:\/\/api.w.org\/{rel}","templated":true}]}}