{"id":9549,"date":"2025-02-14T08:08:05","date_gmt":"2025-02-14T12:08:05","guid":{"rendered":"https:\/\/agromt.news\/?p=9549"},"modified":"2025-02-14T08:08:05","modified_gmt":"2025-02-14T12:08:05","slug":"ibovespa-recua-e-caminha-para-4a-queda-semanal-seguida","status":"publish","type":"post","link":"https:\/\/agromt.news\/?p=9549","title":{"rendered":"Ibovespa recua e caminha para 4\u00aa queda semanal seguida"},"content":{"rendered":"<p> <br \/>\n<\/p>\n<div>\n<p><img decoding=\"async\" alt=\"Logotipo Reuters\" height=\"22\" src=\"https:\/\/cdn.noticiasagricolas.com.br\/dbimagens\/0f687b0f35da9d220b6477534ce7c667.gif\" width=\"71\"\/><\/p>\n<p>S\u00c3O PAULO (Reuters) &#8211; O Ibovespa ca\u00eda nesta sexta-feira, a caminho de registrar seu quarto decl\u00ednio semanal consecutivo, ainda sob o pessimismo do mercado com o quadro fiscal da economia brasileira e os juros altos, e com uma agenda dom\u00e9stica vazia sem fornecer gatilhos relevantes que ancorassem o \u00edndice.<\/p>\n<p>Por volta de 11h10, o Ibovespa, \u00edndice de refer\u00eancia do mercado acion\u00e1rio brasileiro, recuava 0,61%, a 119.396,06 pontos, tendo marcado 119.330,34 pontos na m\u00ednima e 120.355,51 pontos na m\u00e1xima da sess\u00e3o at\u00e9 o momento.<\/p>\n<p>O volume financeiro somava 2,28 bilh\u00f5es de reais no preg\u00e3o.<\/p>\n<p>Para o analista-chefe da Planner Investimentos, Mario Mariante, a expectativa \u00e9 de uma percep\u00e7\u00e3o mais clara da tend\u00eancia do indicador a partir da pr\u00f3xima semana. &#8220;Mas seguimos sem otimismo para o mercado no curto prazo, mesmo com pre\u00e7os relativamente descontados em boas empresas&#8221;, afirmou.<\/p>\n<p>Estrategistas da XP adotaram uma vis\u00e3o neutra para as a\u00e7\u00f5es brasileiras neste ano, com os riscos de revis\u00f5es de lucro para baixo, devido aos juros mais elevados, ofuscando os pre\u00e7os descontados das a\u00e7\u00f5es.<\/p>\n<p>&#8220;Ciclos de alta de juros historicamente s\u00e3o negativos para a Bolsa brasileira&#8221;, disseram os especialistas, liderados por Fernando Ferreira, em relat\u00f3rio a clientes.<\/p>\n<p>A equipe reduziu a estimativa de valor justo do Ibovespa para o final de 2025 de 150 mil para 145 mil pontos, de modo a levar em considera\u00e7\u00e3o o cen\u00e1rio de juros mais elevados.<\/p>\n<p>Segundo Mariante, da Planner, o cen\u00e1rio pol\u00edtico adverso e o sentimento de que n\u00e3o haver\u00e1 mudan\u00e7as nesse sentido no curto prazo devem manter os investidores aversos ao risco e voltados para a renda fixa, sem apostar numa recupera\u00e7\u00e3o da bolsa.<\/p>\n<p>Nos Estados Unidos, os futuros acion\u00e1rios indicavam uma abertura positiva para as bolsas, com investidores atentos aos pr\u00f3ximos dados econ\u00f4micos e se preparando para poss\u00edveis mudan\u00e7as na pol\u00edtica sob o novo governo de Donald Trump.<\/p>\n<p>DESTAQUES<\/p>\n<p>&#8211; PETROBRAS PN ca\u00eda 0,41%, apesar da recupera\u00e7\u00e3o nos pre\u00e7os do petr\u00f3leo no exterior, onde o barril de Brent\u00a0ganhava\u00a00,22%. A estatal informou na v\u00e9spera que elevou em aproximadamente 7% o pre\u00e7o m\u00e9dio do querosene de avia\u00e7\u00e3o (QAV) que ser\u00e1 vendido a distribuidoras em janeiro, em pra\u00e7as como Guarulhos (SP), Betim (MG) e Duque de Caxias (RJ).<\/p>\n<p>&#8211; VALE ON perdia 1,01%, tendo como pano de fundo a baixa dos contratos futuros do min\u00e9rio de ferro na China, com alguns traders liquidando posi\u00e7\u00f5es compradas devido \u00e0 demanda fraca depois que a maioria das sider\u00fargicas da China concluiu o reabastecimento de mat\u00e9rias-primas antes do feriado. O contrato mais negociado na Bolsa de Mercadorias de Dalian (DCE) da China encerrou as negocia\u00e7\u00f5es do dia com queda de 2,18%, a 764 iuanes (104,66 d\u00f3lares) a tonelada.<\/p>\n<p>&#8211; ITA\u00da UNIBANCO PN perdia 0,56%, BRADESCO PN cedia 0,56%, SANTANDER BRASIL UNIT tinha em baixa de 0,67% e BANCO DO BRASIL ON recuava 0,46%.<\/p>\n<p>&#8211; ENEVA ON subia 4,82%, ap\u00f3s forte queda na v\u00e9spera em meio \u00e0 divulga\u00e7\u00e3o de regras pelo Minist\u00e9rio de Minas e Energia para a realiza\u00e7\u00e3o de um leil\u00e3o de energia, algumas das quais impediriam a Eneva de tentar recontratar certas usinas. Analistas do BTG Pactual consideraram a rea\u00e7\u00e3o desproporcional e disseram que h\u00e1 uma oportunidade de negocia\u00e7\u00e3o muito assim\u00e9trica sobre o papel.<\/p>\n<p>im\u00e9trica sobre o papel.<\/p>\n<\/p><\/div>\n<p><script async defer src=\"https:\/\/connect.facebook.net\/en_US\/sdk.js\" type=\"4014dff54ce58149f6753251-text\/javascript\"><\/script><script type=\"4014dff54ce58149f6753251-text\/javascript\">\n  !function(f,b,e,v,n,t,s)\n  {if(f.fbq)return;n=f.fbq=function(){n.callMethod?\n    n.callMethod.apply(n,arguments):n.queue.push(arguments)};\n    if(!f._fbq)f._fbq=n;n.push=n;n.loaded=!0;n.version='2.0';\n    n.queue=[];t=b.createElement(e);t.async=!0;\n    t.src=v;s=b.getElementsByTagName(e)[0];\n    s.parentNode.insertBefore(t,s)}(window, document,'script',\n    'https:\/\/connect.facebook.net\/en_US\/fbevents.js');\n  fbq('init', '153495679422335');\n  fbq('track', 'PageView');\n<\/script><br \/>\n<br \/><br \/>\n<br \/><a href=\"https:\/\/www.noticiasagricolas.com.br\/noticias\/politica-economia\/391603-ibovespa-recua-e-caminha-para-4a-queda-semanal-seguida.html\">Source link <\/a><\/p>\n","protected":false},"excerpt":{"rendered":"<p>S\u00c3O PAULO (Reuters) &#8211; O Ibovespa ca\u00eda nesta sexta-feira, a caminho de registrar seu quarto decl\u00ednio semanal consecutivo, ainda sob<\/p>\n","protected":false},"author":1,"featured_media":3900,"comment_status":"open","ping_status":"open","sticky":false,"template":"","format":"standard","meta":{"_monsterinsights_skip_tracking":false,"_monsterinsights_sitenote_active":false,"_monsterinsights_sitenote_note":"","_monsterinsights_sitenote_category":0,"_uf_show_specific_survey":0,"_uf_disable_surveys":false,"footnotes":""},"categories":[8,1,14,16],"tags":[],"class_list":["post-9549","post","type-post","status-publish","format-standard","has-post-thumbnail","hentry","category-agro","category-news","category-politica-agro","category-safra"],"_links":{"self":[{"href":"https:\/\/agromt.news\/index.php?rest_route=\/wp\/v2\/posts\/9549"}],"collection":[{"href":"https:\/\/agromt.news\/index.php?rest_route=\/wp\/v2\/posts"}],"about":[{"href":"https:\/\/agromt.news\/index.php?rest_route=\/wp\/v2\/types\/post"}],"author":[{"embeddable":true,"href":"https:\/\/agromt.news\/index.php?rest_route=\/wp\/v2\/users\/1"}],"replies":[{"embeddable":true,"href":"https:\/\/agromt.news\/index.php?rest_route=%2Fwp%2Fv2%2Fcomments&post=9549"}],"version-history":[{"count":0,"href":"https:\/\/agromt.news\/index.php?rest_route=\/wp\/v2\/posts\/9549\/revisions"}],"wp:featuredmedia":[{"embeddable":true,"href":"https:\/\/agromt.news\/index.php?rest_route=\/wp\/v2\/media\/3900"}],"wp:attachment":[{"href":"https:\/\/agromt.news\/index.php?rest_route=%2Fwp%2Fv2%2Fmedia&parent=9549"}],"wp:term":[{"taxonomy":"category","embeddable":true,"href":"https:\/\/agromt.news\/index.php?rest_route=%2Fwp%2Fv2%2Fcategories&post=9549"},{"taxonomy":"post_tag","embeddable":true,"href":"https:\/\/agromt.news\/index.php?rest_route=%2Fwp%2Fv2%2Ftags&post=9549"}],"curies":[{"name":"wp","href":"https:\/\/api.w.org\/{rel}","templated":true}]}}