{"id":9544,"date":"2025-02-14T05:11:49","date_gmt":"2025-02-14T09:11:49","guid":{"rendered":"https:\/\/agromt.news\/?p=9544"},"modified":"2025-02-14T05:11:49","modified_gmt":"2025-02-14T09:11:49","slug":"trator-compacto-facilita-operacao-e-amplia-uso-no-campo-e-na-cidade","status":"publish","type":"post","link":"https:\/\/agromt.news\/?p=9544","title":{"rendered":"Trator compacto facilita opera\u00e7\u00e3o e amplia uso no campo e na cidade"},"content":{"rendered":"<p> <br \/>\n<\/p>\n<div>\n<div class=\"row\">\n<div class=\"col-lg col-infos mt-3 mt-lg-0\">\n<div class=\"section-sub-title\">\n<p itemprop=\"description\">&#13;<br \/>\n                                Agricultura e jardinagem: trator vers\u00e1til ganha espa\u00e7o em diferentes setores&#13;<br \/>\n&#13;\n                            <\/p>\n<\/p><\/div>\n<div class=\"container\">\n<div class=\"row\">\n<div class=\"col-lg p-0\">\n<div>\n<div class=\"block-news-main-infos mt-3 text-start\">\n<p>                                            <strong class=\"fn\" itemprop=\"author\" style=\"color: rgb(112, 112, 112); \">&#13;<br \/>\n                                                <a href=\"https:\/\/www.agrolink.com.br\/noticias\/javascript:;\" class=\"text-uppercase\" target=\"_blank\" style=\"color: rgb(112, 112, 112); \" rel=\"noopener\">Agrolink<\/a>&#13;<br \/>\n&#13;<br \/>\n                                                    &#8211; Aline Merladete&#13;<br \/>\n&#13;<br \/>\n                                            <\/strong><br \/>\n                                        <\/p>\n<p>                                            <abbr><time datetime=\"2025-02-13T10:37\" itemprop=\"datePublished dateModified\">Publicado em 13\/02\/2025 \u00e0s 10:37h.<\/time><\/abbr><br \/>\n                                            <\/p><\/div>\n<\/p><\/div>\n<\/p><\/div>\n<div class=\"col-lg p-0 text-lg-end\">\n<div>\n<div id=\"mdEnviarPagina\" class=\"modal fade\" role=\"dialog\">\n<div class=\"modal-dialog\">\n<div class=\"modal-content\">\n<div class=\"modal-body\">\n<p><strong>Estimado usu\u00e1rio.<\/strong><br \/>Preencha o formul\u00e1rio abaixo para remeter a p\u00e1gina.<\/p>\n<\/p><\/div>\n<\/p><\/div>\n<\/p><\/div>\n<\/div><\/div>\n<\/p><\/div>\n<\/p><\/div>\n<\/p><\/div>\n<\/p><\/div>\n<\/p><\/div>\n<div class=\"row justify-content-md-center mt-3\">\n<div class=\"col-lg-auto col-image  block-news-main-image d-none d-md-block\">\n<p>                                <img decoding=\"async\" src=\"https:\/\/www.agrolink.com.br\/upload\/imagens-resizes\/f6546328da2a43a0aa442893e0fd575c_858x483.jpg\" class=\"lazyload \"\/><br \/>\n                                                <span class=\"publicity-photo d-block mt-1\">Foto: Agrolink<\/span><\/p><\/div>\n<\/p><\/div>\n<div class=\"section-description section-description-noticias mt-3\">\n<p style=\"text-align:justify\">A facilidade de opera\u00e7\u00e3o e a versatilidade no uso s\u00e3o os principais destaques do novo trator J25, lan\u00e7ado durante o Show Rural. Com 25 cavalos de pot\u00eancia e transmiss\u00e3o hidrost\u00e1tica, o modelo se posiciona como uma alternativa acess\u00edvel tanto para pequenos produtores rurais quanto para atividades urbanas, como jardinagem e manuten\u00e7\u00e3o de condom\u00ednios.&#13;\n<\/p>\n<p style=\"text-align:justify\">Segundo Felippe Vieira, diretor comercial da LS Tractor, o crescimento da demanda por tratores menores e mais f\u00e1ceis de operar impulsionou o lan\u00e7amento. \u201cEsse trator vem crescendo muito em volume de vendas nos \u00faltimos anos. Ele foi pensado para atender o produtor de hortifruti e jardinagem, que demanda um equipamento mais compacto e vers\u00e1til\u201d, explica.<\/p>\n<p style=\"text-align:justify\">Al\u00e9m do p\u00fablico tradicional da agricultura, o modelo tamb\u00e9m se destaca por ser mais intuitivo, podendo atrair novos operadores. \u201cComo ele tem transmiss\u00e3o hidrost\u00e1tica, funciona de forma similar a um carro autom\u00e1tico. Basta um pedal para frente, outro para tr\u00e1s e uma alavanca de velocidade. Isso facilita para quem nunca teve contato com tratores, incluindo o p\u00fablico feminino\u201d, afirma Vieira.&#13;\n<\/p>\n<p style=\"text-align:justify\">Outro diferencial do equipamento \u00e9 sua aplicabilidade fora do campo. Vieira destaca que a demanda por tratores em condom\u00ednios e \u00e1reas de jardinagem tem crescido no Brasil. \u201cHoje, esses locais utilizam outros tipos de equipamentos. Esse trator, por contar com uma ro\u00e7adeira interna, pode executar servi\u00e7os de manuten\u00e7\u00e3o de grandes jardins de forma eficiente\u201d, comenta.<\/p>\n<p style=\"text-align:justify\">A proposta do modelo \u00e9 oferecer mais acessibilidade para quem est\u00e1 adquirindo o primeiro trator agr\u00edcola. \u201c\u00c9 um produto com valor acess\u00edvel e muito f\u00e1cil de operar. Qualquer pessoa pode aprender a manuse\u00e1-lo em poucas horas\u201d, garante Vieira.<\/p>\n<p style=\"text-align:justify\">O lan\u00e7amento refor\u00e7a a tend\u00eancia do setor de mecaniza\u00e7\u00e3o agr\u00edcola em buscar solu\u00e7\u00f5es mais intuitivas, que facilitem a entrada de novos perfis de operadores no campo e ampliem o uso de tratores em diferentes cen\u00e1rios.<\/p>\n<\/p><\/div>\n<\/p><\/div>\n<p><script data-cfasync=\"false\">\n    !function (f, b, e, v, n, t, s) {\n        if (f.fbq) return; n = f.fbq = function () {\n            n.callMethod ?\n                n.callMethod.apply(n, arguments) : n.queue.push(arguments)\n        };\n        if (!f._fbq) f._fbq = n; n.push = n; n.loaded = !0; n.version = '2.0';\n        n.queue = []; t = b.createElement(e); t.async = !0;\n        t.src = v; s = b.getElementsByTagName(e)[0];\n        s.parentNode.insertBefore(t, s)\n    }(window, document, 'script',\n        'https:\/\/connect.facebook.net\/en_US\/fbevents.js');\n    fbq('init', '522546078623747');\n    fbq('track', 'PageView');\n<\/script><br \/>\n<br \/><br \/>\n<br \/><a href=\"https:\/\/www.agrolink.com.br\/noticias\/trator-compacto-facilita-operacao-e-amplia-uso-no-campo-e-na-cidade_499312.html\">Source link <\/a><\/p>\n","protected":false},"excerpt":{"rendered":"<p>&#13; Agricultura e jardinagem: trator vers\u00e1til ganha espa\u00e7o em diferentes setores&#13; &#13; &#13; Agrolink&#13; &#13; &#8211; Aline Merladete&#13; &#13; Publicado<\/p>\n","protected":false},"author":1,"featured_media":9545,"comment_status":"open","ping_status":"open","sticky":false,"template":"","format":"standard","meta":{"_monsterinsights_skip_tracking":false,"_monsterinsights_sitenote_active":false,"_monsterinsights_sitenote_note":"","_monsterinsights_sitenote_category":0,"_uf_show_specific_survey":0,"_uf_disable_surveys":false,"footnotes":""},"categories":[8,1,14],"tags":[],"class_list":["post-9544","post","type-post","status-publish","format-standard","has-post-thumbnail","hentry","category-agro","category-news","category-politica-agro"],"_links":{"self":[{"href":"https:\/\/agromt.news\/index.php?rest_route=\/wp\/v2\/posts\/9544"}],"collection":[{"href":"https:\/\/agromt.news\/index.php?rest_route=\/wp\/v2\/posts"}],"about":[{"href":"https:\/\/agromt.news\/index.php?rest_route=\/wp\/v2\/types\/post"}],"author":[{"embeddable":true,"href":"https:\/\/agromt.news\/index.php?rest_route=\/wp\/v2\/users\/1"}],"replies":[{"embeddable":true,"href":"https:\/\/agromt.news\/index.php?rest_route=%2Fwp%2Fv2%2Fcomments&post=9544"}],"version-history":[{"count":0,"href":"https:\/\/agromt.news\/index.php?rest_route=\/wp\/v2\/posts\/9544\/revisions"}],"wp:featuredmedia":[{"embeddable":true,"href":"https:\/\/agromt.news\/index.php?rest_route=\/wp\/v2\/media\/9545"}],"wp:attachment":[{"href":"https:\/\/agromt.news\/index.php?rest_route=%2Fwp%2Fv2%2Fmedia&parent=9544"}],"wp:term":[{"taxonomy":"category","embeddable":true,"href":"https:\/\/agromt.news\/index.php?rest_route=%2Fwp%2Fv2%2Fcategories&post=9544"},{"taxonomy":"post_tag","embeddable":true,"href":"https:\/\/agromt.news\/index.php?rest_route=%2Fwp%2Fv2%2Ftags&post=9544"}],"curies":[{"name":"wp","href":"https:\/\/api.w.org\/{rel}","templated":true}]}}