{"id":9541,"date":"2025-02-14T03:05:54","date_gmt":"2025-02-14T07:05:54","guid":{"rendered":"https:\/\/agromt.news\/?p=9541"},"modified":"2025-02-14T03:05:54","modified_gmt":"2025-02-14T07:05:54","slug":"coopavel-premia-os-melhores-avicultores-de-2024","status":"publish","type":"post","link":"https:\/\/agromt.news\/?p=9541","title":{"rendered":"Coopavel premia os melhores avicultores de 2024"},"content":{"rendered":"<p> <br \/>\n<\/p>\n<div>\n<div class=\"row\">\n<div class=\"col-lg col-infos mt-3 mt-lg-0\">\n<div class=\"section-sub-title\">\n<p itemprop=\"description\">&#13;<br \/>\n                                A cerim\u00f4nia foi realizada no Espa\u00e7o Impulso&#13;\n                            <\/p>\n<\/p><\/div>\n<div class=\"container\">\n<div class=\"row\">\n<div class=\"col-lg p-0 text-lg-end\">\n<div>\n<div id=\"mdEnviarPagina\" class=\"modal fade\" role=\"dialog\">\n<div class=\"modal-dialog\">\n<div class=\"modal-content\">\n<div class=\"modal-body\">\n<p><strong>Estimado usu\u00e1rio.<\/strong><br \/>Preencha o formul\u00e1rio abaixo para remeter a p\u00e1gina.<\/p>\n<\/p><\/div>\n<\/p><\/div>\n<\/p><\/div>\n<\/div><\/div>\n<\/p><\/div>\n<\/p><\/div>\n<\/p><\/div>\n<\/p><\/div>\n<\/p><\/div>\n<div class=\"row justify-content-md-center mt-3\">\n<div class=\"col-lg-auto col-image  block-news-main-image d-none d-md-block\">\n<p>                                <img decoding=\"async\" src=\"https:\/\/www.agrolink.com.br\/upload\/imagens-resizes\/1a76334e4232487eb367a6ba922b8267_858x483.jpg\" class=\"lazyload \"\/><br \/>\n                                                <span class=\"publicity-photo d-block mt-1\">Foto: Canva<\/span><\/p><\/div>\n<\/p><\/div>\n<div class=\"section-description section-description-noticias mt-3\">\n<p style=\"text-align:justify\">O setor de Fomento Av\u00edcola da Coopavel fez na ter\u00e7a-feira (11), durante a 37\u00aa edi\u00e7\u00e3o do Show Rural, a entrega de premia\u00e7\u00e3o aos melhores colocados da avicultura de 2024 \u2013 integrados da cooperativa. A cerim\u00f4nia, com a participa\u00e7\u00e3o de autoridades, t\u00e9cnicos e criadores, foi realizada no Espa\u00e7o Impulso. O presidente da Coopavel, Dilvo Grolli, e o ex-governador do Paran\u00e1, Orlando Pessuti, participaram das entregas das premia\u00e7\u00f5es.&#13;\n<\/p>\n<p style=\"text-align:justify\">O gerente do Centro Tecnol\u00f3gico da Avicultura (CTA), Eduardo Leffer, explica que a classifica\u00e7\u00e3o leva em conta o melhor \u00edndice de convers\u00e3o alimentar, que \u00e9 calculado pela quantidade de quilos de ra\u00e7\u00e3o que o frango come para produzir um quilo de carne, um quilo de peso vivo.\u00a0&#13;\n<\/p>\n<p style=\"text-align:justify\">Os premiados foram: como melhores produtores ficaram Altevir Ferneda, Guarania\u00e7u, com 1,452; em segundo Gen\u00e9sio Gregolon, de Campo Bonito, com 1,453. \u00a0Em terceiro Arlindo Ferneda, de Guarania\u00e7u, com uma convers\u00e3o de 1,476.\u00a0<\/p>\n<p style=\"text-align:justify\">Dilvo Grolli refletiu sobre os avan\u00e7os obtidos ao longo dos anos. Mencionou a aus\u00eancia desse \u00edndice de convers\u00e3o e controle rigoroso da produ\u00e7\u00e3o quando iniciou a cria\u00e7\u00e3o de aves. Orlando Pessuti refor\u00e7ou a linha de racioc\u00ednio de Dilvo. \u201cH\u00e1 50 anos lev\u00e1vamos 60 dias para terminar um frango e hoje a gente chega aqui e v\u00ea essas convers\u00f5es maravilhosas atrav\u00e9s da ci\u00eancia, das nossas universidades e de nossas cooperativas. Fico muito feliz em saber que fazemos parte dessa hist\u00f3ria. Isso \u00e9 um exemplo para mudar o mundo\u201d, frisou.&#13;\n<\/p>\n<\/p><\/div>\n<\/p><\/div>\n<p><script data-cfasync=\"false\">\n    !function (f, b, e, v, n, t, s) {\n        if (f.fbq) return; n = f.fbq = function () {\n            n.callMethod ?\n                n.callMethod.apply(n, arguments) : n.queue.push(arguments)\n        };\n        if (!f._fbq) f._fbq = n; n.push = n; n.loaded = !0; n.version = '2.0';\n        n.queue = []; t = b.createElement(e); t.async = !0;\n        t.src = v; s = b.getElementsByTagName(e)[0];\n        s.parentNode.insertBefore(t, s)\n    }(window, document, 'script',\n        'https:\/\/connect.facebook.net\/en_US\/fbevents.js');\n    fbq('init', '522546078623747');\n    fbq('track', 'PageView');\n<\/script><br \/>\n<br \/><br \/>\n<br \/><a href=\"https:\/\/www.agrolink.com.br\/noticias\/coopavel-premia-os-melhores-avicultores-de-2024_499313.html\">Source link <\/a><\/p>\n","protected":false},"excerpt":{"rendered":"<p>&#13; A cerim\u00f4nia foi realizada no Espa\u00e7o Impulso&#13; Estimado usu\u00e1rio.Preencha o formul\u00e1rio abaixo para remeter a p\u00e1gina. Foto: Canva O<\/p>\n","protected":false},"author":1,"featured_media":801,"comment_status":"open","ping_status":"open","sticky":false,"template":"","format":"standard","meta":{"_monsterinsights_skip_tracking":false,"_monsterinsights_sitenote_active":false,"_monsterinsights_sitenote_note":"","_monsterinsights_sitenote_category":0,"_uf_show_specific_survey":0,"_uf_disable_surveys":false,"footnotes":""},"categories":[8,1,14],"tags":[],"class_list":["post-9541","post","type-post","status-publish","format-standard","has-post-thumbnail","hentry","category-agro","category-news","category-politica-agro"],"_links":{"self":[{"href":"https:\/\/agromt.news\/index.php?rest_route=\/wp\/v2\/posts\/9541"}],"collection":[{"href":"https:\/\/agromt.news\/index.php?rest_route=\/wp\/v2\/posts"}],"about":[{"href":"https:\/\/agromt.news\/index.php?rest_route=\/wp\/v2\/types\/post"}],"author":[{"embeddable":true,"href":"https:\/\/agromt.news\/index.php?rest_route=\/wp\/v2\/users\/1"}],"replies":[{"embeddable":true,"href":"https:\/\/agromt.news\/index.php?rest_route=%2Fwp%2Fv2%2Fcomments&post=9541"}],"version-history":[{"count":0,"href":"https:\/\/agromt.news\/index.php?rest_route=\/wp\/v2\/posts\/9541\/revisions"}],"wp:featuredmedia":[{"embeddable":true,"href":"https:\/\/agromt.news\/index.php?rest_route=\/wp\/v2\/media\/801"}],"wp:attachment":[{"href":"https:\/\/agromt.news\/index.php?rest_route=%2Fwp%2Fv2%2Fmedia&parent=9541"}],"wp:term":[{"taxonomy":"category","embeddable":true,"href":"https:\/\/agromt.news\/index.php?rest_route=%2Fwp%2Fv2%2Fcategories&post=9541"},{"taxonomy":"post_tag","embeddable":true,"href":"https:\/\/agromt.news\/index.php?rest_route=%2Fwp%2Fv2%2Ftags&post=9541"}],"curies":[{"name":"wp","href":"https:\/\/api.w.org\/{rel}","templated":true}]}}