{"id":9539,"date":"2025-02-14T01:08:02","date_gmt":"2025-02-14T05:08:02","guid":{"rendered":"https:\/\/agromt.news\/?p=9539"},"modified":"2025-02-14T01:08:02","modified_gmt":"2025-02-14T05:08:02","slug":"degustacao-de-carnes-agrada-visitantes-do-show-rural","status":"publish","type":"post","link":"https:\/\/agromt.news\/?p=9539","title":{"rendered":"Degusta\u00e7\u00e3o de carnes agrada visitantes do Show Rural"},"content":{"rendered":"<p> <br \/>\n<\/p>\n<div>\n<div class=\"row\">\n<div class=\"col-lg col-infos mt-3 mt-lg-0\">\n<div class=\"section-sub-title\">\n<p itemprop=\"description\">&#13;<br \/>\n                                A 37\u00aa edi\u00e7\u00e3o proporciona experi\u00eancias nas mais diversas \u00e1reas&#13;\n                            <\/p>\n<\/p><\/div>\n<div class=\"container\">\n<div class=\"row\">\n<div class=\"col-lg p-0 text-lg-end\">\n<div>\n<div id=\"mdEnviarPagina\" class=\"modal fade\" role=\"dialog\">\n<div class=\"modal-dialog\">\n<div class=\"modal-content\">\n<div class=\"modal-body\">\n<p><strong>Estimado usu\u00e1rio.<\/strong><br \/>Preencha o formul\u00e1rio abaixo para remeter a p\u00e1gina.<\/p>\n<\/p><\/div>\n<\/p><\/div>\n<\/p><\/div>\n<\/div><\/div>\n<\/p><\/div>\n<\/p><\/div>\n<\/p><\/div>\n<\/p><\/div>\n<\/p><\/div>\n<div class=\"row justify-content-md-center mt-3\">\n<div class=\"col-lg-auto col-image  block-news-main-image d-none d-md-block\">\n<p>                                <img decoding=\"async\" src=\"https:\/\/www.agrolink.com.br\/upload\/imagens-resizes\/feebc4cd321f4fc5b27bb068b0bbda58_858x483.jpg\" class=\"lazyload \"\/><br \/>\n                                                <span class=\"publicity-photo d-block mt-1\">Foto: Pixabay<\/span><\/p><\/div>\n<\/p><\/div>\n<div class=\"section-description section-description-noticias mt-3\">\n<p style=\"text-align:justify\">No Sal\u00e3o Tecnol\u00f3gico da Pecu\u00e1ria, os visitantes do Show Rural podem desfrutar de uma degusta\u00e7\u00e3o especial de carnes de aves, peixes e su\u00ednos, e saborear produtos exclusivos da Coopavel. A 37\u00aa edi\u00e7\u00e3o proporciona experi\u00eancias nas mais diversas \u00e1reas, seja em solu\u00e7\u00f5es tecnol\u00f3gicas, mas tamb\u00e9m produtos que satisfazem o paladar do consumidor.\u00a0&#13;\n<\/p>\n<p style=\"text-align:justify\">Basta visitar o estande da cooperativa para participar dessa experi\u00eancia gastron\u00f4mica gratuitamente. \u201cTemos cortes temperados, panceta, sobre paleta, linguicinhas, o joelho cozido e defumado. Temos aqui tamb\u00e9m o fil\u00e9 de til\u00e1pia feito em iscas. O tempero que a utilizamos \u00e9 o mais natural poss\u00edvel, livre de condimentos fortes, ent\u00e3o o p\u00fablico come e n\u00e3o sai com aquele gosto forte do temperado\u201d, relata o coordenador industrial do Frisu\u00ednos, Vinicius Noraldino Borborema.\u00a0<\/p>\n<p style=\"text-align:justify\">A degusta\u00e7\u00e3o inclui tamb\u00e9m a coxinha da asa, petisco, sassami, frango a passarinho e outros cortes temperados. Esse mesmo produto \u00e9 o que o cliente vai achar na \u00e1rea de venda do supermercado. Todos os produtos da linha foram desenvolvidos para serem diferenciais. A m\u00e9dia de degusta\u00e7\u00f5es di\u00e1rias varia de 8 mil a 12 mil degusta\u00e7\u00f5es, mas estima-se que at\u00e9 o t\u00e9rmino do evento sejam entregues 100 mil pratinhos com os deliciosos produtos da Coopavel.\u00a0&#13;\n<\/p>\n<p style=\"text-align:justify\">A agricultora de Quedas do Igua\u00e7u, Ivani Goldani (72), foi uma das in\u00fameras visitantes de todas as idades que degustou e aprovou os petiscos servidos. \u201cNossa, est\u00e1 uma del\u00edcia, tudo \u00f3timo, nota 10. Gostei de fazer a degusta\u00e7\u00e3o, \u00e9 bom para conhecer os sabores. S\u00e3o produtos de primeira qualidade\u201d, elogiou.\u00a0<\/p>\n<p style=\"text-align:justify\">Os pratinhos s\u00e3o servidos todos os dias entre 9h e 11h da manh\u00e3 e das 14h \u00e0s 16h. Esse \u00e9 o terceiro ano que o frigor\u00edfico da Coopavel est\u00e1 presente na feira oportunizando essa experi\u00eancia aos visitantes. O objetivo \u00e9 tornar cada vez mais conhecidos os produtos da cooperativa.\u00a0&#13;\n<\/p>\n<\/p><\/div>\n<\/p><\/div>\n<p><script data-cfasync=\"false\">\n    !function (f, b, e, v, n, t, s) {\n        if (f.fbq) return; n = f.fbq = function () {\n            n.callMethod ?\n                n.callMethod.apply(n, arguments) : n.queue.push(arguments)\n        };\n        if (!f._fbq) f._fbq = n; n.push = n; n.loaded = !0; n.version = '2.0';\n        n.queue = []; t = b.createElement(e); t.async = !0;\n        t.src = v; s = b.getElementsByTagName(e)[0];\n        s.parentNode.insertBefore(t, s)\n    }(window, document, 'script',\n        'https:\/\/connect.facebook.net\/en_US\/fbevents.js');\n    fbq('init', '522546078623747');\n    fbq('track', 'PageView');\n<\/script><br \/>\n<br \/><br \/>\n<br \/><a href=\"https:\/\/www.agrolink.com.br\/noticias\/degustacao-de-carnes-agrada-visitantes-do-show-rural_499314.html\">Source link <\/a><\/p>\n","protected":false},"excerpt":{"rendered":"<p>&#13; A 37\u00aa edi\u00e7\u00e3o proporciona experi\u00eancias nas mais diversas \u00e1reas&#13; Estimado usu\u00e1rio.Preencha o formul\u00e1rio abaixo para remeter a p\u00e1gina. Foto:<\/p>\n","protected":false},"author":1,"featured_media":9540,"comment_status":"open","ping_status":"open","sticky":false,"template":"","format":"standard","meta":{"_monsterinsights_skip_tracking":false,"_monsterinsights_sitenote_active":false,"_monsterinsights_sitenote_note":"","_monsterinsights_sitenote_category":0,"_uf_show_specific_survey":0,"_uf_disable_surveys":false,"footnotes":""},"categories":[8,1,14],"tags":[],"class_list":["post-9539","post","type-post","status-publish","format-standard","has-post-thumbnail","hentry","category-agro","category-news","category-politica-agro"],"_links":{"self":[{"href":"https:\/\/agromt.news\/index.php?rest_route=\/wp\/v2\/posts\/9539"}],"collection":[{"href":"https:\/\/agromt.news\/index.php?rest_route=\/wp\/v2\/posts"}],"about":[{"href":"https:\/\/agromt.news\/index.php?rest_route=\/wp\/v2\/types\/post"}],"author":[{"embeddable":true,"href":"https:\/\/agromt.news\/index.php?rest_route=\/wp\/v2\/users\/1"}],"replies":[{"embeddable":true,"href":"https:\/\/agromt.news\/index.php?rest_route=%2Fwp%2Fv2%2Fcomments&post=9539"}],"version-history":[{"count":0,"href":"https:\/\/agromt.news\/index.php?rest_route=\/wp\/v2\/posts\/9539\/revisions"}],"wp:featuredmedia":[{"embeddable":true,"href":"https:\/\/agromt.news\/index.php?rest_route=\/wp\/v2\/media\/9540"}],"wp:attachment":[{"href":"https:\/\/agromt.news\/index.php?rest_route=%2Fwp%2Fv2%2Fmedia&parent=9539"}],"wp:term":[{"taxonomy":"category","embeddable":true,"href":"https:\/\/agromt.news\/index.php?rest_route=%2Fwp%2Fv2%2Fcategories&post=9539"},{"taxonomy":"post_tag","embeddable":true,"href":"https:\/\/agromt.news\/index.php?rest_route=%2Fwp%2Fv2%2Ftags&post=9539"}],"curies":[{"name":"wp","href":"https:\/\/api.w.org\/{rel}","templated":true}]}}