{"id":9537,"date":"2025-02-14T00:16:58","date_gmt":"2025-02-14T04:16:58","guid":{"rendered":"https:\/\/agromt.news\/?p=9537"},"modified":"2025-02-14T00:16:58","modified_gmt":"2025-02-14T04:16:58","slug":"agronegocio-deve-puxar-a-economia-e-fazer-pib-crescer-23-diz-fazenda","status":"publish","type":"post","link":"https:\/\/agromt.news\/?p=9537","title":{"rendered":"Agroneg\u00f3cio deve puxar a economia e fazer PIB crescer 2,3%, diz Fazenda"},"content":{"rendered":"<p> <br \/>\n<\/p>\n<div>\n<p>A Secretaria de Pol\u00edtica Econ\u00f4mica do Minist\u00e9rio da Fazenda (SPE) apresentou, nesta quinta-feira (13), proje\u00e7\u00e3o de crescimento do Produto Interno Bruno (PIB) do pa\u00eds em 2025. <\/p>\n<p>A atividade econ\u00f4mica dever\u00e1 ter alta de<strong> 2,3%<\/strong>. A estimativa anterior, em novembro, era de um crescimento de 2,5% do PIB. A queda poderia ser maior se n\u00e3o fosse a proje\u00e7\u00e3o de crescimento para as atividades agropecu\u00e1rias, de <strong>6%<\/strong>, levando em considera\u00e7\u00e3o os progn\u00f3sticos da safra, dados preliminares de abate de bovinos para o quarto trimestre de 2024 e uma melhora da situa\u00e7\u00e3o clim\u00e1tica.<\/p>\n<p>De acordo com o minist\u00e9rio, a redu\u00e7\u00e3o da estimativa de 2,5% para 2,3% para o ano est\u00e1 baseada, principalmente, na eleva\u00e7\u00e3o dos juros, na desacelera\u00e7\u00e3o da atividade econ\u00f4mica no quarto trimestre de 2024 e no cen\u00e1rio conjuntural externo.<\/p>\n<p>\u201cA gente reduziu essa proje\u00e7\u00e3o, em parte, pesando o que a gente est\u00e1 vendo na pol\u00edtica monet\u00e1ria. E, em parte, porque estamos vendo uma desacelera\u00e7\u00e3o mais acentuada da atividade agora no quarto trimestre de 2024. Ent\u00e3o, no cen\u00e1rio de 2,3% est\u00e3o incorporados esses dois elementos\u201d, destacou a subsecret\u00e1ria de Pol\u00edtica Macroecon\u00f4mica, Raquel Nadal.<\/p>\n<p>No entanto, ela ressalvou que o minist\u00e9rio incluiu nessa proje\u00e7\u00e3o do PIB a melhora nos resultados do setor agropecu\u00e1rio em raz\u00e3o das <strong><a href=\"https:\/\/www.canalrural.com.br\/agricultura\/safra-2025-pode-alcancar-recorde-de-3253-milhoes-de-t-e-ser-111-maior-ante-2024-diz-ibge\/\">boas perspectivas para a safra de 2025<\/a><\/strong>.<\/p>\n<h2 class=\"wp-block-heading\" id=\"h-desaceleracao-da-industria\">Desacelera\u00e7\u00e3o da ind\u00fastria<\/h2>\n<p>Por setor produtivo, a SPE espera uma desacelera\u00e7\u00e3o da ind\u00fastria e dos servi\u00e7os, parcialmente compensada pela acelera\u00e7\u00e3o da produ\u00e7\u00e3o agropecu\u00e1ria.<\/p>\n<\/div>\n<div>\n<p>Para a ind\u00fastria, a previs\u00e3o de crescimento em 2025 foi revisada de 2,5% para 2,2% em raz\u00e3o da desacelera\u00e7\u00e3o projetada para a ind\u00fastria de transforma\u00e7\u00e3o e para a constru\u00e7\u00e3o, apesar da recupera\u00e7\u00e3o da ind\u00fastria extrativa, sobretudo, em fun\u00e7\u00e3o da entrada em opera\u00e7\u00e3o de novas plataformas de petr\u00f3leo.<\/p>\n<p>Para servi\u00e7os, o ritmo de expans\u00e3o projetado para 2025 pela secretaria caiu de 2,1% para 1,9%, principalmente como reflexo da desacelera\u00e7\u00e3o na cria\u00e7\u00e3o de novos postos de trabalho e da redu\u00e7\u00e3o no ritmo de concess\u00f5es de cr\u00e9dito em fun\u00e7\u00e3o do patamar elevado dos juros.<\/p>\n<h2 class=\"wp-block-heading\" id=\"h-efeito-trump\">Efeito Trump<\/h2>\n<figure class=\"wp-block-image size-large\"><img fetchpriority=\"high\" decoding=\"async\" width=\"640\" height=\"427\" alt=\"Donald Trump, EUA, Estados Unidos\" class=\"wp-image-2749841\" src=\"https:\/\/agromt.news\/wp-content\/uploads\/2025\/02\/Agronegocio-deve-puxar-a-economia-e-fazer-PIB-crescer-23.jpg\"\/><img decoding=\"async\" width=\"640\" height=\"427\" src=\"https:\/\/agromt.news\/wp-content\/uploads\/2025\/02\/Agronegocio-deve-puxar-a-economia-e-fazer-PIB-crescer-23.jpg\" alt=\"Donald Trump, EUA, Estados Unidos\" class=\"wp-image-2749841\"\/><figcaption class=\"wp-element-caption\">Foto: The White House\/ Andrea Hanks<\/figcaption><\/figure>\n<p>Para o secret\u00e1rio de Pol\u00edtica Econ\u00f4mica do Minist\u00e9rio da Fazenda, Guilherme Mello, ainda \u00e9 cedo para projetar os impactos da pol\u00edtica comercial implementada pelo presidente dos Estados Unidos, Donald Trump, no crescimento brasileiro de 2025.<\/p>\n<p>\u201c\u00c9 muito cedo para incorporar esse tema em qualquer cen\u00e1rio. Claro que voc\u00ea pode construir cen\u00e1rios alternativos e poss\u00edveis, mas n\u00f3s temos ainda que entender melhor como isso vai ocorrer, em que prazo, quem vai ser mais afetado, quem n\u00e3o vai ser, isso ainda leva tempo para ter mais clareza sobre esse cen\u00e1rio. Ent\u00e3o, hoje \u00e9 muito dif\u00edcil apontar poss\u00edveis impactos\u201d, disse.<\/p>\n<p>De acordo com Mello, at\u00e9 o momento \u00e9 poss\u00edvel apontar apenas impactos setoriais, mas n\u00e3o macroecon\u00f4micos.<\/p>\n<p>\u201cCaso necess\u00e1rio, caso a gente enxergue que existe a necessidade de incorpora\u00e7\u00e3o de algo no cen\u00e1rio macro, n\u00f3s vamos incorporar no momento que n\u00f3s tivermos essa convic\u00e7\u00e3o\u201d, finalizou.<\/p>\n<\/p><\/div>\n<p><br \/>\n<br \/><a href=\"https:\/\/www.canalrural.com.br\/economia\/agronegocio-deve-puxar-a-economia-e-fazer-pib-crescer-23-diz-fazenda\/\">Source link <\/a><\/p>\n","protected":false},"excerpt":{"rendered":"<p>A Secretaria de Pol\u00edtica Econ\u00f4mica do Minist\u00e9rio da Fazenda (SPE) apresentou, nesta quinta-feira (13), proje\u00e7\u00e3o de crescimento do Produto Interno<\/p>\n","protected":false},"author":1,"featured_media":9538,"comment_status":"open","ping_status":"open","sticky":false,"template":"","format":"standard","meta":{"_monsterinsights_skip_tracking":false,"_monsterinsights_sitenote_active":false,"_monsterinsights_sitenote_note":"","_monsterinsights_sitenote_category":0,"_uf_show_specific_survey":0,"_uf_disable_surveys":false,"footnotes":""},"categories":[1],"tags":[],"class_list":["post-9537","post","type-post","status-publish","format-standard","has-post-thumbnail","hentry","category-news"],"_links":{"self":[{"href":"https:\/\/agromt.news\/index.php?rest_route=\/wp\/v2\/posts\/9537"}],"collection":[{"href":"https:\/\/agromt.news\/index.php?rest_route=\/wp\/v2\/posts"}],"about":[{"href":"https:\/\/agromt.news\/index.php?rest_route=\/wp\/v2\/types\/post"}],"author":[{"embeddable":true,"href":"https:\/\/agromt.news\/index.php?rest_route=\/wp\/v2\/users\/1"}],"replies":[{"embeddable":true,"href":"https:\/\/agromt.news\/index.php?rest_route=%2Fwp%2Fv2%2Fcomments&post=9537"}],"version-history":[{"count":0,"href":"https:\/\/agromt.news\/index.php?rest_route=\/wp\/v2\/posts\/9537\/revisions"}],"wp:featuredmedia":[{"embeddable":true,"href":"https:\/\/agromt.news\/index.php?rest_route=\/wp\/v2\/media\/9538"}],"wp:attachment":[{"href":"https:\/\/agromt.news\/index.php?rest_route=%2Fwp%2Fv2%2Fmedia&parent=9537"}],"wp:term":[{"taxonomy":"category","embeddable":true,"href":"https:\/\/agromt.news\/index.php?rest_route=%2Fwp%2Fv2%2Fcategories&post=9537"},{"taxonomy":"post_tag","embeddable":true,"href":"https:\/\/agromt.news\/index.php?rest_route=%2Fwp%2Fv2%2Ftags&post=9537"}],"curies":[{"name":"wp","href":"https:\/\/api.w.org\/{rel}","templated":true}]}}