{"id":951,"date":"2024-08-30T03:58:03","date_gmt":"2024-08-30T07:58:03","guid":{"rendered":"https:\/\/agromt.news\/?p=951"},"modified":"2024-08-30T03:58:03","modified_gmt":"2024-08-30T07:58:03","slug":"produtores-de-cevada-mantem-perspectivas-positivas-no-rs","status":"publish","type":"post","link":"https:\/\/agromt.news\/?p=951","title":{"rendered":"Produtores de cevada mant\u00eam perspectivas positivas no RS"},"content":{"rendered":"<p> <br \/>\n<\/p>\n<div>\n<p style=\"text-align:justify\">O desenvolvimento das lavouras de cevada no Rio Grande do Sul segue satisfat\u00f3rio, conforme o Informativo Conjuntural da Emater\/RS-Ascar divulgado nesta quinta-feira (29\/08). A proje\u00e7\u00e3o de cultivo no estado \u00e9 de 34.429 hectares, com produtividade estimada em 3.245 kg\/ha. No entanto, produtores permanecem atentos ao monitoramento de pragas e, principalmente, de doen\u00e7as foliares, em fun\u00e7\u00e3o da alta umidade relativa do ar.\n<\/p>\n<p style=\"text-align:justify\">Na regi\u00e3o administrativa de Erechim, o desenvolvimento das lavouras \u00e9 considerado adequado, e as expectativas iniciais de produ\u00e7\u00e3o permanecem favor\u00e1veis. As \u00e1reas semeadas no final da janela de plantio t\u00eam demonstrado um desempenho superior em termos de desenvolvimento.<\/p>\n<p style=\"text-align:justify\">J\u00e1 na regi\u00e3o de Frederico Westphalen, aproximadamente 75% das \u00e1reas encontram-se em desenvolvimento vegetativo, 20% em fase de florescimento e 5% em enchimento de gr\u00e3os. As lavouras implantadas no in\u00edcio do per\u00edodo recomendado apresentam desenvolvimento abaixo do esperado, devido ao excesso de precipita\u00e7\u00e3o e \u00e0 baixa radia\u00e7\u00e3o solar no in\u00edcio do ciclo.\n<\/p>\n<p style=\"text-align:justify\">Na regi\u00e3o de Iju\u00ed, a cultura avan\u00e7ou rapidamente para o est\u00e1dio reprodutivo, mantendo uma condi\u00e7\u00e3o fitossanit\u00e1ria adequada. As lavouras no in\u00edcio da emiss\u00e3o de espigas apresentam um elevado n\u00famero de espiguetas por planta, preservando o potencial produtivo.<\/p>\n<p style=\"text-align:justify\">Em Soledade, 30% das lavouras est\u00e3o em perfilhamento e 70% em alongamento de colmo. O aspecto geral da cultura \u00e9 positivo, embora algumas \u00e1reas apresentem problemas relacionados ao manejo da aduba\u00e7\u00e3o, como sintomas caracter\u00edsticos de defici\u00eancia nutricional. As perspectivas, no entanto, permanecem favor\u00e1veis, especialmente nas \u00e1reas manejadas com tecnologia adequada.\n<\/p>\n<p style=\"text-align:justify\">Sobre a comercializa\u00e7\u00e3o, cota\u00e7\u00e3o m\u00e9dia da cevada destinada \u00e0 ind\u00fastria de malte na regi\u00e3o de Erechim \u00e9 de R$ 85,00 por saca de 60 quilos, enquanto na regi\u00e3o de Frederico Westphalen, o valor m\u00e9dio \u00e9 de R$ 83,00 por saca.<\/p>\n<\/div>\n<p><script data-cfasync=\"false\">\n    !function (f, b, e, v, n, t, s) {\n        if (f.fbq) return; n = f.fbq = function () {\n            n.callMethod ?\n                n.callMethod.apply(n, arguments) : n.queue.push(arguments)\n        };\n        if (!f._fbq) f._fbq = n; n.push = n; n.loaded = !0; n.version = '2.0';\n        n.queue = []; t = b.createElement(e); t.async = !0;\n        t.src = v; s = b.getElementsByTagName(e)[0];\n        s.parentNode.insertBefore(t, s)\n    }(window, document, 'script',\n        'https:\/\/connect.facebook.net\/en_US\/fbevents.js');\n    fbq('init', '522546078623747');\n    fbq('track', 'PageView');\n<\/script><br \/>\n<br \/><br \/>\n<br \/><a href=\"https:\/\/www.agrolink.com.br\/noticias\/produtores-de-cevada-mantem-perspectivas-positivas-no-rs_494476.html\">Source link <\/a><\/p>\n","protected":false},"excerpt":{"rendered":"<p>O desenvolvimento das lavouras de cevada no Rio Grande do Sul segue satisfat\u00f3rio, conforme o Informativo Conjuntural da Emater\/RS-Ascar divulgado<\/p>\n","protected":false},"author":1,"featured_media":952,"comment_status":"open","ping_status":"open","sticky":false,"template":"","format":"standard","meta":{"_monsterinsights_skip_tracking":false,"_monsterinsights_sitenote_active":false,"_monsterinsights_sitenote_note":"","_monsterinsights_sitenote_category":0,"_uf_show_specific_survey":0,"_uf_disable_surveys":false,"footnotes":""},"categories":[8,1,14],"tags":[],"class_list":["post-951","post","type-post","status-publish","format-standard","has-post-thumbnail","hentry","category-agro","category-news","category-politica-agro"],"_links":{"self":[{"href":"https:\/\/agromt.news\/index.php?rest_route=\/wp\/v2\/posts\/951"}],"collection":[{"href":"https:\/\/agromt.news\/index.php?rest_route=\/wp\/v2\/posts"}],"about":[{"href":"https:\/\/agromt.news\/index.php?rest_route=\/wp\/v2\/types\/post"}],"author":[{"embeddable":true,"href":"https:\/\/agromt.news\/index.php?rest_route=\/wp\/v2\/users\/1"}],"replies":[{"embeddable":true,"href":"https:\/\/agromt.news\/index.php?rest_route=%2Fwp%2Fv2%2Fcomments&post=951"}],"version-history":[{"count":0,"href":"https:\/\/agromt.news\/index.php?rest_route=\/wp\/v2\/posts\/951\/revisions"}],"wp:featuredmedia":[{"embeddable":true,"href":"https:\/\/agromt.news\/index.php?rest_route=\/wp\/v2\/media\/952"}],"wp:attachment":[{"href":"https:\/\/agromt.news\/index.php?rest_route=%2Fwp%2Fv2%2Fmedia&parent=951"}],"wp:term":[{"taxonomy":"category","embeddable":true,"href":"https:\/\/agromt.news\/index.php?rest_route=%2Fwp%2Fv2%2Fcategories&post=951"},{"taxonomy":"post_tag","embeddable":true,"href":"https:\/\/agromt.news\/index.php?rest_route=%2Fwp%2Fv2%2Ftags&post=951"}],"curies":[{"name":"wp","href":"https:\/\/api.w.org\/{rel}","templated":true}]}}