{"id":949,"date":"2024-08-30T01:41:01","date_gmt":"2024-08-30T05:41:01","guid":{"rendered":"https:\/\/agromt.news\/?p=949"},"modified":"2024-08-30T01:41:01","modified_gmt":"2024-08-30T05:41:01","slug":"milho-para-silagem-tem-reducao-na-area-plantada","status":"publish","type":"post","link":"https:\/\/agromt.news\/?p=949","title":{"rendered":"Milho para silagem tem redu\u00e7\u00e3o na \u00e1rea plantada"},"content":{"rendered":"<p> <br \/>\n<\/p>\n<div>\n<div class=\"row\">\n<div class=\"col-lg col-infos mt-3 mt-lg-0\">\n<div class=\"section-sub-title\">\n<p itemprop=\"description\">\nNo entanto, produtividade prevista compensa queda\n<\/p>\n<\/div>\n<div class=\"container\">\n<div class=\"row\">\n<div class=\"col-lg p-0\">\n<div>\n<div class=\"block-news-main-infos mt-3 text-start\">\n<strong class=\"fn\" itemprop=\"author\" style=\"color: rgb(112, 112, 112); \"><br \/>\n<a href=\"https:\/\/www.agrolink.com.br\/noticias\/javascript:;\" class=\"text-uppercase\" target=\"_blank\" style=\"color: rgb(112, 112, 112); \" rel=\"noopener\">Agrolink<\/a><br \/>\n&#8211; Seane Lennon<br \/>\n<\/strong><br \/>\n<br \/>\n<abbr><time datetime=\"2024-08-29T19:12\" itemprop=\"datePublished dateModified\">Publicado em 29\/08\/2024 \u00e0s 19:12h.<\/time><\/abbr>\n<\/div>\n<\/div>\n<\/div>\n<div class=\"col-lg p-0 text-lg-end\">\n<div>\n<div id=\"mdEnviarPagina\" class=\"modal fade\" role=\"dialog\">\n<div class=\"modal-dialog\">\n<div class=\"modal-content\">\n<div class=\"modal-body\">\n<p><strong>Estimado usu\u00e1rio.<\/strong><br \/>Preencha o formul\u00e1rio abaixo para remeter a p\u00e1gina.<\/p>\n<\/div>\n<\/div>\n<\/div>\n<\/div>\n<\/div>\n<\/div>\n<\/div>\n<\/div>\n<\/div>\n<\/div>\n<div class=\"row justify-content-md-center mt-3\">\n<div class=\"col-lg-auto col-image  block-news-main-image d-none d-md-block\">\n<img decoding=\"async\" src=\"https:\/\/www.agrolink.com.br\/upload\/imagens-resizes\/9ec5621fe47c45d9bbb2a95321327ec3_858x483.jpg\" class=\"lazyload\"\/><br \/>\n<span class=\"publicity-photo d-block mt-1\">Foto: Nadia Borges<\/span>\n<\/div>\n<\/div>\n<div class=\"section-description section-description-noticias mt-3\">\n<p style=\"text-align:justify\">A semeadura do <a href=\"https:\/\/www.agrolink.com.br\/culturas\/milho?utm_source=agrolink-detalhe-noticia&amp;utm_medium=detalhe-noticia&amp;utm_campaign=links-internos&#9;\" target=\"_blank\" rel=\"noopener\">milho<\/a> para silagem est\u00e1 em andamento no Rio Grande do Sul, com previs\u00e3o de cultivo em 357.311 hectares, conforme o Informativo Conjuntural da Emater\/RS-Ascar divulgado nesta quinta-feira (29\/08). A \u00e1rea plantada representa uma ligeira redu\u00e7\u00e3o de 1,33% em compara\u00e7\u00e3o aos 362.131 hectares cultivados na safra 2023\/2024. Entretanto, a produtividade estimada para a safra atual \u00e9 de 38.440 kg\/ha, um aumento significativo de 22,70% em rela\u00e7\u00e3o ao \u00faltimo ciclo.\n<\/p>\n<p style=\"text-align:justify\">Essa eleva\u00e7\u00e3o na produtividade deve resultar em uma produ\u00e7\u00e3o de 13,73 milh\u00f5es de toneladas, superando em 24,33% o total colhido em 2024, quando foram produzidas 11,05 milh\u00f5es de toneladas. O incremento na produ\u00e7\u00e3o ser\u00e1 essencial para suprir a demanda por alimento conservado, especialmente na bovinocultura leiteira, compensando a leve queda na \u00e1rea plantada.\n<\/p>\n<p style=\"text-align:justify\">Na regi\u00e3o administrativa de Erechim, os produtores est\u00e3o em busca de cr\u00e9dito para adquirir insumos e iniciar o plantio. O preparo das \u00e1reas foi intensificado, com algumas j\u00e1 semeadas. Em Frederico Westphalen, a semeadura tamb\u00e9m foi acelerada, antecipando as chuvas previstas para o per\u00edodo.\n<\/p>\n<\/div>\n<\/div>\n<p><script data-cfasync=\"false\">\n    !function (f, b, e, v, n, t, s) {\n        if (f.fbq) return; n = f.fbq = function () {\n            n.callMethod ?\n                n.callMethod.apply(n, arguments) : n.queue.push(arguments)\n        };\n        if (!f._fbq) f._fbq = n; n.push = n; n.loaded = !0; n.version = '2.0';\n        n.queue = []; t = b.createElement(e); t.async = !0;\n        t.src = v; s = b.getElementsByTagName(e)[0];\n        s.parentNode.insertBefore(t, s)\n    }(window, document, 'script',\n        'https:\/\/connect.facebook.net\/en_US\/fbevents.js');\n    fbq('init', '522546078623747');\n    fbq('track', 'PageView');\n<\/script><br \/>\n<br \/><br \/>\n<br \/><a href=\"https:\/\/www.agrolink.com.br\/noticias\/milho-para-silagem-tem-reducao-na-area-plantada_494477.html\">Source link <\/a><\/p>\n","protected":false},"excerpt":{"rendered":"<p>No entanto, produtividade prevista compensa queda Agrolink &#8211; Seane Lennon Publicado em 29\/08\/2024 \u00e0s 19:12h. Estimado usu\u00e1rio.Preencha o formul\u00e1rio abaixo<\/p>\n","protected":false},"author":1,"featured_media":950,"comment_status":"open","ping_status":"open","sticky":false,"template":"","format":"standard","meta":{"_monsterinsights_skip_tracking":false,"_monsterinsights_sitenote_active":false,"_monsterinsights_sitenote_note":"","_monsterinsights_sitenote_category":0,"_uf_show_specific_survey":0,"_uf_disable_surveys":false,"footnotes":""},"categories":[8,1,14],"tags":[],"class_list":["post-949","post","type-post","status-publish","format-standard","has-post-thumbnail","hentry","category-agro","category-news","category-politica-agro"],"_links":{"self":[{"href":"https:\/\/agromt.news\/index.php?rest_route=\/wp\/v2\/posts\/949"}],"collection":[{"href":"https:\/\/agromt.news\/index.php?rest_route=\/wp\/v2\/posts"}],"about":[{"href":"https:\/\/agromt.news\/index.php?rest_route=\/wp\/v2\/types\/post"}],"author":[{"embeddable":true,"href":"https:\/\/agromt.news\/index.php?rest_route=\/wp\/v2\/users\/1"}],"replies":[{"embeddable":true,"href":"https:\/\/agromt.news\/index.php?rest_route=%2Fwp%2Fv2%2Fcomments&post=949"}],"version-history":[{"count":0,"href":"https:\/\/agromt.news\/index.php?rest_route=\/wp\/v2\/posts\/949\/revisions"}],"wp:featuredmedia":[{"embeddable":true,"href":"https:\/\/agromt.news\/index.php?rest_route=\/wp\/v2\/media\/950"}],"wp:attachment":[{"href":"https:\/\/agromt.news\/index.php?rest_route=%2Fwp%2Fv2%2Fmedia&parent=949"}],"wp:term":[{"taxonomy":"category","embeddable":true,"href":"https:\/\/agromt.news\/index.php?rest_route=%2Fwp%2Fv2%2Fcategories&post=949"},{"taxonomy":"post_tag","embeddable":true,"href":"https:\/\/agromt.news\/index.php?rest_route=%2Fwp%2Fv2%2Ftags&post=949"}],"curies":[{"name":"wp","href":"https:\/\/api.w.org\/{rel}","templated":true}]}}