{"id":947,"date":"2024-08-30T00:32:42","date_gmt":"2024-08-30T04:32:42","guid":{"rendered":"https:\/\/agromt.news\/?p=947"},"modified":"2024-08-30T00:32:42","modified_gmt":"2024-08-30T04:32:42","slug":"governo-federal-deve-anunciar-medidas-para-produtores-gauchos-nesta-sexta","status":"publish","type":"post","link":"https:\/\/agromt.news\/?p=947","title":{"rendered":"Governo federal deve anunciar medidas para produtores ga\u00fachos nesta sexta"},"content":{"rendered":"<p> <br \/>\n<\/p>\n<div>\n<p>O Minist\u00e9rio da Agricultura e Pecu\u00e1ria <strong><a href=\"https:\/\/www.gov.br\/agricultura\/pt-br\">(Mapa)<\/a><\/strong> e entidades representativas do agroneg\u00f3cio do Rio Grande do Sul estiveram reunidos em uma reuni\u00e3o no final desta quinta-feira (29) para tratar dos \u00faltimos detalhes de an\u00fancio de medidas aos produtores ga\u00fachos impactados pela cat\u00e1strofe de maio.<\/p>\n<p>Em entrevista exclusiva ao <strong><a href=\"https:\/\/www.canalrural.com.br\/\">Canal Rural<\/a><\/strong>, o presidente das Organiza\u00e7\u00f5es Cooperativas do Rio Grande do Sul (OCERGS), Darci Hartmann, destacou que o an\u00fancio deve ser feito durante a Abertura Oficial da 47\u00aa Expointer, prevista para ocorrer as 10h desta sexta-feira (30), no Parque de Exposi\u00e7\u00f5es Assis Brasil, em Esteio (RS). <\/p>\n<p>Ap\u00f3s dizer que n\u00e3o conseguiria ir ao evento pela indisponibilidade de um voo da For\u00e7a A\u00e9rea Brasileira (FAB), o ministro Carlos F\u00e1varo voltou atr\u00e1s e destacou que estar\u00e1 presente na abertura da feira. L\u00e1, ele deve se unir ao ministro extraordin\u00e1rio da Reconstru\u00e7\u00e3o do RS, Paulo Pimenta, para anunciar as medidas.<\/p>\n<\/div>\n<div>\n<figure class=\"wp-block-image size-full\"><img fetchpriority=\"high\" decoding=\"async\" width=\"976\" height=\"552\" alt=\"estrago em recinto RS enchente 2024\" class=\"wp-image-4065294\"  data-lazy- src=\"https:\/\/agromt.news\/wp-content\/uploads\/2024\/08\/Governo-federal-deve-anunciar-medidas-para-produtores-gauchos-nesta-sexta.jpeg\"\/><img decoding=\"async\" width=\"976\" height=\"552\" src=\"https:\/\/agromt.news\/wp-content\/uploads\/2024\/08\/Governo-federal-deve-anunciar-medidas-para-produtores-gauchos-nesta-sexta.jpeg\" alt=\"estrago em recinto RS enchente 2024\" class=\"wp-image-4065294\"  \/><figcaption class=\"wp-element-caption\">Estrago em recinto no RS. Foto: Canal Rural<\/figcaption><\/figure>\n<p>Conforme antecipou Hartmann, o an\u00fancio deve incluir adequa\u00e7\u00f5es na normativa que deve ser enviada ao Conselho Monet\u00e1rio Nacional (CNM) para ajustar a <strong><a href=\"https:\/\/www.congressonacional.leg.br\/materias\/medidas-provisorias\/-\/mpv\/164830#:~:text=Essa%20Medida%20Provis%C3%B3ria%20autoriza%20que,vencimento%20em%202024%20e%2C%20excepcionalmente%2C\">Medida Provis\u00f3ria 1247<\/a><\/strong> para que produtores consigam usar as resolu\u00e7\u00f5es presentes no documento para repactuar as d\u00edvidas. <\/p>\n<blockquote class=\"wp-block-quote is-layout-flow wp-block-quote-is-layout-flow\">\n<p>\u201cJ\u00e1 conseguimos vislumbrar no horizonte a solu\u00e7\u00e3o de boa parte das dificuldades dos produtores\u201d, completa.<\/p>\n<\/blockquote>\n<h2 class=\"wp-block-heading\" id=\"h-outras-medidas\">Outras medidas<\/h2>\n<p>Nesta quinta-feira ainda ocorreu uma reuni\u00e3o em Bras\u00edlia com bancos e institui\u00e7\u00f5es de cr\u00e9dito e minist\u00e9rios sobre o <strong><a href=\"https:\/\/www.canalrural.com.br\/economia\/congresso-aprova-projeto-para-desnegativar-empresas-e-pessoas-fisicas-do-rio-grande-do-sul\/\">seguro rural e negativa\u00e7\u00e3o<\/a><\/strong>. <\/p>\n<p>\u201cAcreditamos que at\u00e9 ter\u00e7a-feira, que \u00e9 quando essa normativa ir\u00e1 para o CNM, ainda poderemos melhor\u00e1-la muito para atender o maior n\u00famero poss\u00edvel de pend\u00eancias de produtores e tamb\u00e9m cooperativas e cerealistas\u201d, afirma o dirigente.<\/p>\n<p>O produtor rural e um dos organizadores do movimento SOS Agro RS, Lucas Schaffer, disse que a expectativa \u00e9 grande principalmente pela proximidade do plantio da safra 2024\/25.<\/p>\n<p>\u201cEst\u00e1vamos esperando o ministro para uma reuni\u00e3o. Acho que sou um dos mais otimistas porque a maioria n\u00e3o acredita que venha algo efetivo e isso \u00e9 muito preocupante\u201d, completa.<\/p>\n<\/div>\n<p><br \/>\n<br \/><a href=\"https:\/\/www.canalrural.com.br\/agricultura\/governo-federal-deve-anunciar-medidas-para-produtores-gauchos-nesta-sexta\/\">Source link <\/a><\/p>\n","protected":false},"excerpt":{"rendered":"<p>O Minist\u00e9rio da Agricultura e Pecu\u00e1ria (Mapa) e entidades representativas do agroneg\u00f3cio do Rio Grande do Sul estiveram reunidos em<\/p>\n","protected":false},"author":1,"featured_media":948,"comment_status":"open","ping_status":"open","sticky":false,"template":"","format":"standard","meta":{"_monsterinsights_skip_tracking":false,"_monsterinsights_sitenote_active":false,"_monsterinsights_sitenote_note":"","_monsterinsights_sitenote_category":0,"_uf_show_specific_survey":0,"_uf_disable_surveys":false,"footnotes":""},"categories":[1],"tags":[],"class_list":["post-947","post","type-post","status-publish","format-standard","has-post-thumbnail","hentry","category-news"],"_links":{"self":[{"href":"https:\/\/agromt.news\/index.php?rest_route=\/wp\/v2\/posts\/947"}],"collection":[{"href":"https:\/\/agromt.news\/index.php?rest_route=\/wp\/v2\/posts"}],"about":[{"href":"https:\/\/agromt.news\/index.php?rest_route=\/wp\/v2\/types\/post"}],"author":[{"embeddable":true,"href":"https:\/\/agromt.news\/index.php?rest_route=\/wp\/v2\/users\/1"}],"replies":[{"embeddable":true,"href":"https:\/\/agromt.news\/index.php?rest_route=%2Fwp%2Fv2%2Fcomments&post=947"}],"version-history":[{"count":0,"href":"https:\/\/agromt.news\/index.php?rest_route=\/wp\/v2\/posts\/947\/revisions"}],"wp:featuredmedia":[{"embeddable":true,"href":"https:\/\/agromt.news\/index.php?rest_route=\/wp\/v2\/media\/948"}],"wp:attachment":[{"href":"https:\/\/agromt.news\/index.php?rest_route=%2Fwp%2Fv2%2Fmedia&parent=947"}],"wp:term":[{"taxonomy":"category","embeddable":true,"href":"https:\/\/agromt.news\/index.php?rest_route=%2Fwp%2Fv2%2Fcategories&post=947"},{"taxonomy":"post_tag","embeddable":true,"href":"https:\/\/agromt.news\/index.php?rest_route=%2Fwp%2Fv2%2Ftags&post=947"}],"curies":[{"name":"wp","href":"https:\/\/api.w.org\/{rel}","templated":true}]}}