{"id":9461,"date":"2025-02-12T17:01:11","date_gmt":"2025-02-12T21:01:11","guid":{"rendered":"https:\/\/agromt.news\/?p=9461"},"modified":"2025-02-12T17:01:11","modified_gmt":"2025-02-12T21:01:11","slug":"desenrola-rural-deve-alcancar-um-milhao-de-pequenos-produtores","status":"publish","type":"post","link":"https:\/\/agromt.news\/?p=9461","title":{"rendered":"Desenrola Rural deve alcan\u00e7ar um milh\u00e3o de pequenos produtores"},"content":{"rendered":"<p> <br \/>\n<br \/><img decoding=\"async\" src=\"https:\/\/agromt.news\/wp-content\/uploads\/2025\/02\/Desenrola-Rural-deve-alcancar-um-milhao-de-pequenos-produtores.jpg\" \/><\/p>\n<div>\n<p>O Governo Federal publicou no Di\u00e1rio Oficial da Uni\u00e3o (DOU) desta quarta-feira (12) o <a href=\"https:\/\/www.in.gov.br\/en\/web\/dou\/-\/decreto-n-12.381-de-11-de-fevereiro-de-2025-612353586\">decreto 12.381<\/a>, que institui o <a href=\"https:\/\/www.canalrural.com.br\/economia\/decreto-cria-o-desenrola-rural-para-renegociar-dividas-da-agricultura-familiar\/\">Desenrola Rural<\/a>.\u00a0<\/p>\n<p>Programa criado para liquidar e regularizar d\u00edvidas, al\u00e9m de facilitar acesso a novos financiamentos para agricultores familiares e cooperativas de mesmo p\u00fablico. Produtores rurais que queiram participar da iniciativa podem procurar institui\u00e7\u00f5es financeiras a partir de 24 de fevereiro.\u00a0<\/p>\n<p>O ministro do Desenvolvimento Agr\u00e1rio e Agricultura Familiar (MDA), Paulo Teixeira, explicou que a medida tem o potencial para alcan\u00e7ar um milh\u00e3o de agricultores familiares.\u00a0<\/p>\n<p>\u201cO Desenrola Rural vai permitir que essas fam\u00edlias que n\u00e3o podem mais tomar o cr\u00e9dito agr\u00edcola possam tom\u00e1-lo, tendo em vista que eles repactuar\u00e3o as d\u00edvidas. Uma parte j\u00e1 repactuou, mas tem score negativo, continuando sem acesso aos financiamentos, e isso tamb\u00e9m ser\u00e1 solucionado\u201d, afirmou Teixeira.\u00a0\u00a0<\/p>\n<p>Os descontos variam entre 50% e 96%, de acordo com a modalidade do item financiado.\u00a0<\/p>\n<p>Para tal, ser\u00e3o realizadas opera\u00e7\u00f5es, como a de liquidar ou renegociar as parcelas de cr\u00e9dito rural contratadas por meio do Pronaf, com os fundos constitucionais do Nordeste (FNE), do Norte (FNO) e do Centro-Oeste (FCO), entre 1\u00ba de janeiro de 2012 e 31 de dezembro de 2022. O prazo para aderir vai at\u00e9 31 de dezembro de 2025.<\/p>\n<p>Tamb\u00e9m ser\u00e3o contemplados inscritos na D\u00edvida Ativa da Uni\u00e3o (DAU) e produtores em situa\u00e7\u00e3o de inadimpl\u00eancia que s\u00e3o benefici\u00e1rios do Programa Nacional de Cr\u00e9dito Fundi\u00e1rio (PNCF), do Programa Nacional de Reforma Agr\u00e1ria (PNRA) ou ind\u00edgenas e quilombolas.<\/p>\n<p>O Desenrola ainda vai atender filiados da Confedera\u00e7\u00e3o Nacional dos Trabalhadores Rurais Agricultores e Agricultoras Familiares (Contag) e da Confedera\u00e7\u00e3o Nacional dos Trabalhadores e Trabalhadoras na Agricultura Familiar (Contraf).<\/p>\n<\/div>\n<div>\n<h2 class=\"wp-block-heading\" id=\"h-renegociacao-e-credito-consciente\"><strong>Renegocia\u00e7\u00e3o e Cr\u00e9dito Consciente<\/strong><\/h2>\n<p>O decreto lista como um de seus objetivos \u201cpromover a sustentabilidade econ\u00f4mica e o fortalecimento das atividades produtivas da agricultura familiar, com o objetivo de ampliar a produ\u00e7\u00e3o de alimentos\u201d.<\/p>\n<p>Em conversa com o Porteira Aberta Empreender, o gerente de Capitaliza\u00e7\u00e3o e Servi\u00e7os Financeiros do Sebrae, Valdir Oliveira, relatou que para alcan\u00e7ar a sustentabilidade financeira, \u00e9 necess\u00e1rio ter consci\u00eancia da realidade na qual vive.\u00a0<\/p>\n<p>Como sugest\u00e3o para que o pequeno empreendedor rural n\u00e3o caia em novas d\u00edvidas, o gerente indicou buscar criar um planejamento financeiro para o pequeno neg\u00f3cio rural. \u201c\u00c9 fundamental se planejar para renegociar [d\u00edvidas]. E planejar, \u00e9 com o Sebrae\u201d, afirmou Oliveira.<\/p>\n<p>Em rela\u00e7\u00e3o a novos cr\u00e9ditos, Valdir Oliveira disse que \u00e9 importante analisar op\u00e7\u00f5es oferecidas pelas institui\u00e7\u00f5es financeiras.<\/p>\n<p>Para o Desenrola Rural, as institui\u00e7\u00f5es financeiras est\u00e3o autorizadas a operar cr\u00e9dito rural pelo Banco Central do Brasil, conforme suas pr\u00f3prias pol\u00edticas de cr\u00e9dito e cobran\u00e7a.\u00a0<\/p>\n<p>A publica\u00e7\u00e3o desta quarta tamb\u00e9m afirma que as institui\u00e7\u00f5es poder\u00e3o conceder descontos para liquida\u00e7\u00e3o ou renegocia\u00e7\u00e3o de opera\u00e7\u00f5es de cr\u00e9dito contabilizadas em preju\u00edzo ou em atraso h\u00e1 mais de cento e oitenta dias na data da publica\u00e7\u00e3o do decreto.\u00a0<\/p>\n<p><strong><em>Com informa\u00e7\u00f5es da Ag\u00eancia Brasil\u00a0<\/em><\/strong><\/p>\n<p>Quer saber mais sobre <a href=\"https:\/\/www.youtube.com\/watch?v=fKws4aDk_aI&amp;list=PL8fRHJSOpctjAnkcXTOlHZvyDr6rPdTwE&amp;index=1\">Cr\u00e9dito Consciente<\/a> e <a href=\"https:\/\/www.youtube.com\/watch?v=LLMUni18Kwg&amp;list=PL8fRHJSOpctjAnkcXTOlHZvyDr6rPdTwE&amp;index=19\">Acesso ao Cr\u00e9dito<\/a>? Ent\u00e3o assista os programas do Porteira Aberta Empreender.<\/p>\n<\/p><\/div>\n<p><br \/>\n<br \/><a href=\"https:\/\/www.canalrural.com.br\/empreendedorismo\/desenrola-rural-deve-alcancar-um-milhao-de-pequenos-produtores\/\">Source link <\/a><\/p>\n","protected":false},"excerpt":{"rendered":"<p>O Governo Federal publicou no Di\u00e1rio Oficial da Uni\u00e3o (DOU) desta quarta-feira (12) o decreto 12.381, que institui o Desenrola<\/p>\n","protected":false},"author":1,"featured_media":9462,"comment_status":"open","ping_status":"open","sticky":false,"template":"","format":"standard","meta":{"_monsterinsights_skip_tracking":false,"_monsterinsights_sitenote_active":false,"_monsterinsights_sitenote_note":"","_monsterinsights_sitenote_category":0,"_uf_show_specific_survey":0,"_uf_disable_surveys":false,"footnotes":""},"categories":[1],"tags":[],"class_list":["post-9461","post","type-post","status-publish","format-standard","has-post-thumbnail","hentry","category-news"],"_links":{"self":[{"href":"https:\/\/agromt.news\/index.php?rest_route=\/wp\/v2\/posts\/9461"}],"collection":[{"href":"https:\/\/agromt.news\/index.php?rest_route=\/wp\/v2\/posts"}],"about":[{"href":"https:\/\/agromt.news\/index.php?rest_route=\/wp\/v2\/types\/post"}],"author":[{"embeddable":true,"href":"https:\/\/agromt.news\/index.php?rest_route=\/wp\/v2\/users\/1"}],"replies":[{"embeddable":true,"href":"https:\/\/agromt.news\/index.php?rest_route=%2Fwp%2Fv2%2Fcomments&post=9461"}],"version-history":[{"count":0,"href":"https:\/\/agromt.news\/index.php?rest_route=\/wp\/v2\/posts\/9461\/revisions"}],"wp:featuredmedia":[{"embeddable":true,"href":"https:\/\/agromt.news\/index.php?rest_route=\/wp\/v2\/media\/9462"}],"wp:attachment":[{"href":"https:\/\/agromt.news\/index.php?rest_route=%2Fwp%2Fv2%2Fmedia&parent=9461"}],"wp:term":[{"taxonomy":"category","embeddable":true,"href":"https:\/\/agromt.news\/index.php?rest_route=%2Fwp%2Fv2%2Fcategories&post=9461"},{"taxonomy":"post_tag","embeddable":true,"href":"https:\/\/agromt.news\/index.php?rest_route=%2Fwp%2Fv2%2Ftags&post=9461"}],"curies":[{"name":"wp","href":"https:\/\/api.w.org\/{rel}","templated":true}]}}