{"id":9457,"date":"2025-02-12T16:33:00","date_gmt":"2025-02-12T20:33:00","guid":{"rendered":"https:\/\/agromt.news\/?p=9457"},"modified":"2025-02-12T16:33:00","modified_gmt":"2025-02-12T20:33:00","slug":"projecoes-para-a-soja-atualizadas-confira-os-numeros-para-2025","status":"publish","type":"post","link":"https:\/\/agromt.news\/?p=9457","title":{"rendered":"Proje\u00e7\u00f5es para a soja atualizadas; confira os n\u00fameros para 2025"},"content":{"rendered":"<p> <br \/>\n<br \/><img decoding=\"async\" src=\"https:\/\/agromt.news\/wp-content\/uploads\/2025\/02\/Projecoes-para-a-soja-atualizadas-confira-os-numeros-para-2025.jpg\" \/><\/p>\n<div>\n<p>A Associa\u00e7\u00e3o Brasileira das Ind\u00fastrias de \u00d3leos Vegetais (<a href=\"https:\/\/abiove.org.br\/\">Abiove<\/a>) divulgou suas novas proje\u00e7\u00f5es para o balan\u00e7o de oferta e demanda do <a href=\"https:\/\/www.canalrural.com.br\/agricultura\/projeto-soja-brasil\/\">complexo <\/a>da soja em 2025, apresentando n\u00fameros recordes. <\/p>\n<p>Segundo as informa\u00e7\u00f5es fornecidas, a produ\u00e7\u00e3o do gr\u00e3o se manteve em 171,7 milh\u00f5es de toneladas, enquanto o esmagamento teve um leve aumento de 0,7%, projetando-se um total de 57,5 milh\u00f5es de toneladas. A produ\u00e7\u00e3o de farelo e \u00f3leo de soja tamb\u00e9m permaneceu est\u00e1vel, devendo alcan\u00e7ar, respectivamente, 44,1 milh\u00f5es de toneladas e 11,4 milh\u00f5es de toneladas.<\/p>\n<p>Em rela\u00e7\u00e3o \u00e0s exporta\u00e7\u00f5es, as proje\u00e7\u00f5es mantiveram-se est\u00e1veis, com a expectativa de novos patamares hist\u00f3ricos. A previs\u00e3o \u00e9 de que o Brasil exporte 106,1 milh\u00f5es de toneladas de gr\u00e3os, mantendo a lideran\u00e7a mundial. <\/p>\n<p>O farelo de soja deve registrar exporta\u00e7\u00f5es de 23,6 milh\u00f5es de toneladas, um aumento de 3,1%, enquanto o \u00f3leo de soja dever\u00e1 exportar cerca de 1,1 milh\u00e3o de toneladas, com um crescimento de 4,8%. A previs\u00e3o tamb\u00e9m aponta para um aumento nas importa\u00e7\u00f5es de \u00f3leo de soja, que dever\u00e3o atingir 200 mil toneladas, e nas importa\u00e7\u00f5es de soja, que devem somar 500 mil toneladas para atender ao mercado interno.<\/p>\n<\/div>\n<div>\n<ul class=\"wp-block-list\">\n<li><strong><em>Fique por dentro das novidades e not\u00edcias recentes sobre a soja! Participe da nossa comunidade atrav\u00e9s do\u00a0<a href=\"https:\/\/chat.whatsapp.com\/BmMRwA0TZ2DHGyhzoaVEWu\">link<\/a>! \ud83c\udf31<\/em><\/strong><\/li>\n<\/ul>\n<h2 class=\"wp-block-heading\" id=\"h-dados-da-soja-ate-o-fim-de-2024\">Dados da soja at\u00e9 o fim de 2024 <\/h2>\n<p>Os dados consolidados at\u00e9 dezembro de 2024 indicam resultados positivos para o setor, com a produ\u00e7\u00e3o de soja mantendo-se est\u00e1vel em 153,5 milh\u00f5es de toneladas. J\u00e1 o esmagamento foi revisado positivamente para 55,4 milh\u00f5es de toneladas, marcando um aumento de 0,7%, impulsionado pela crescente demanda por biodiesel, que elevou a oferta de \u00f3leo no mercado.<\/p>\n<p>O aumento no esmagamento tamb\u00e9m reflete na produ\u00e7\u00e3o de farelo de soja, essencial para a cadeia de prote\u00edna animal, tanto para exporta\u00e7\u00e3o quanto para o consumo interno. A produ\u00e7\u00e3o de farelo de soja seguiu a tend\u00eancia de crescimento do esmagamento, com aumento de 0,7%, totalizando 42,8 milh\u00f5es de toneladas. A produ\u00e7\u00e3o de \u00f3leo de soja, por sua vez, dever\u00e1 crescer 0,5%, atingindo 11,1 milh\u00f5es de toneladas. Esse aumento na oferta de farelo de soja tem se mostrado fundamental para atender \u00e0 crescente demanda por alimentos.<\/p>\n<p>No processamento mensal, em dezembro de 2024, o volume processado foi de 4,2 milh\u00f5es de toneladas, um aumento de 1,8% em rela\u00e7\u00e3o a novembro, e 8,2% superior ao registrado em dezembro de 2023, ajustado pelo percentual amostral de 90,6%. No acumulado de 2024, o processamento cresceu 2,3% em rela\u00e7\u00e3o ao mesmo per\u00edodo de 2023, considerando os ajustes realizados.<\/p>\n<\/p><\/div>\n<p><br \/>\n<br \/><a href=\"https:\/\/www.canalrural.com.br\/agricultura\/projeto-soja-brasil\/projecoes-para-a-soja-atualizadas-confira-os-numeros-para-2025\/\">Source link <\/a><\/p>\n","protected":false},"excerpt":{"rendered":"<p>A Associa\u00e7\u00e3o Brasileira das Ind\u00fastrias de \u00d3leos Vegetais (Abiove) divulgou suas novas proje\u00e7\u00f5es para o balan\u00e7o de oferta e demanda<\/p>\n","protected":false},"author":1,"featured_media":9458,"comment_status":"open","ping_status":"open","sticky":false,"template":"","format":"standard","meta":{"_monsterinsights_skip_tracking":false,"_monsterinsights_sitenote_active":false,"_monsterinsights_sitenote_note":"","_monsterinsights_sitenote_category":0,"_uf_show_specific_survey":0,"_uf_disable_surveys":false,"footnotes":""},"categories":[1],"tags":[],"class_list":["post-9457","post","type-post","status-publish","format-standard","has-post-thumbnail","hentry","category-news"],"_links":{"self":[{"href":"https:\/\/agromt.news\/index.php?rest_route=\/wp\/v2\/posts\/9457"}],"collection":[{"href":"https:\/\/agromt.news\/index.php?rest_route=\/wp\/v2\/posts"}],"about":[{"href":"https:\/\/agromt.news\/index.php?rest_route=\/wp\/v2\/types\/post"}],"author":[{"embeddable":true,"href":"https:\/\/agromt.news\/index.php?rest_route=\/wp\/v2\/users\/1"}],"replies":[{"embeddable":true,"href":"https:\/\/agromt.news\/index.php?rest_route=%2Fwp%2Fv2%2Fcomments&post=9457"}],"version-history":[{"count":0,"href":"https:\/\/agromt.news\/index.php?rest_route=\/wp\/v2\/posts\/9457\/revisions"}],"wp:featuredmedia":[{"embeddable":true,"href":"https:\/\/agromt.news\/index.php?rest_route=\/wp\/v2\/media\/9458"}],"wp:attachment":[{"href":"https:\/\/agromt.news\/index.php?rest_route=%2Fwp%2Fv2%2Fmedia&parent=9457"}],"wp:term":[{"taxonomy":"category","embeddable":true,"href":"https:\/\/agromt.news\/index.php?rest_route=%2Fwp%2Fv2%2Fcategories&post=9457"},{"taxonomy":"post_tag","embeddable":true,"href":"https:\/\/agromt.news\/index.php?rest_route=%2Fwp%2Fv2%2Ftags&post=9457"}],"curies":[{"name":"wp","href":"https:\/\/api.w.org\/{rel}","templated":true}]}}