{"id":9456,"date":"2025-02-12T16:18:49","date_gmt":"2025-02-12T20:18:49","guid":{"rendered":"https:\/\/agromt.news\/?p=9456"},"modified":"2025-02-12T16:18:49","modified_gmt":"2025-02-12T20:18:49","slug":"preco-dos-alimentos-cai-em-entrepostos-de-mg-e-sp-em-janeiro","status":"publish","type":"post","link":"https:\/\/agromt.news\/?p=9456","title":{"rendered":"Pre\u00e7o dos alimentos cai em entrepostos de MG e SP em janeiro"},"content":{"rendered":"<p> <br \/>\n<br \/><img decoding=\"async\" src=\"https:\/\/agromt.news\/wp-content\/uploads\/2025\/02\/Preco-dos-alimentos-cai-em-entrepostos-de-MG-e-SP.jpg\" \/><\/p>\n<div>\n<p>Os entrepostos de S\u00e3o Paulo e Minas Gerais registraram queda nos pre\u00e7os dos alimentos em janeiro de 2025, conforme levantamento da Companhia de Entrepostos e Armaz\u00e9ns Gerais de S\u00e3o Paulo (Ceagesp) e das Centrais de Abastecimento de Minas Gerais (CeasaMinas).<\/p>\n<p>O \u00cdndice de Pre\u00e7os Ceagesp encerrou o m\u00eas com varia\u00e7\u00e3o de -5,52%, acelerando a queda em rela\u00e7\u00e3o a dezembro (-3,26%). No mesmo per\u00edodo do ano passado, o \u00edndice variou -0,31%. Com esse resultado, o acumulado do ano ficou em -5,52%, enquanto o \u00edndice de 12 meses registrou +3,66%.<\/p>\n<p>Segundo Thiago de Oliveira, chefe da Se\u00e7\u00e3o de Economia da Ceagesp, fatores como sazonalidade e condi\u00e7\u00f5es clim\u00e1ticas impactam os pre\u00e7os. \u201cV\u00e1rios aspectos influenciam os pre\u00e7os dos produtos, como a sazonalidade, que faz com que a oferta de produtos comercializados varie ao longo do ano, dependendo das \u00e9pocas de plantio e colheita\u201d, explica.<\/p>\n<h2 class=\"wp-block-heading\" id=\"h-em-minas-gerais-frutas-puxam-queda-de-precos\">Em Minas Gerais, frutas puxam queda de pre\u00e7os<\/h2>\n<p>Na CeasaMinas, o pre\u00e7o do grupo de hortigranjeiros caiu 2% em janeiro, na compara\u00e7\u00e3o com dezembro. A retra\u00e7\u00e3o foi impulsionada por queda nos pre\u00e7os dos ovos (-5,5%) e das frutas (-5,4%). Por outro lado, as hortali\u00e7as registraram alta de 4,2%, devido \u00e0 entressafra de alguns produtos e \u00e0s chuvas.<\/p>\n<\/div>\n<div>\n<p>\u201cO m\u00eas de janeiro costuma ter menor demanda por frutas devido \u00e0s f\u00e9rias escolares. Al\u00e9m disso, produtos como lim\u00e3o tahiti, banana nanica e mam\u00e3o estavam em safra, garantindo boa oferta e pre\u00e7os mais baixos ao consumidor\u201d, explica Ricardo Martins, chefe da Se\u00e7\u00e3o de Informa\u00e7\u00f5es de Mercado da CeasaMinas.<\/p>\n<p>Dentre as frutas, os maiores recuos foram:<\/p>\n<ul class=\"wp-block-list\">\n<li>Morango: -33,5% (de R$ 18,54 para R$ 12,32\/kg no atacado)<\/li>\n<li>Banana nanica: -10,4% (de R$ 3,07 para R$ 2,75\/kg)<\/li>\n<li>Lim\u00e3o tahiti: -28,1% (de R$ 3,13 para R$ 2,25\/kg)<\/li>\n<\/ul>\n<p>A tend\u00eancia, segundo especialistas, \u00e9 de estabilidade nos pre\u00e7os \u00e0 medida que a colheita avan\u00e7a e a oferta se normaliza.<\/p>\n<\/p><\/div>\n<p><br \/>\n<br \/><a href=\"https:\/\/www.canalrural.com.br\/economia\/preco-dos-alimentos-cai-em-entrepostos-de-mg-e-sp-em-janeiro\/\">Source link <\/a><\/p>\n","protected":false},"excerpt":{"rendered":"<p>Os entrepostos de S\u00e3o Paulo e Minas Gerais registraram queda nos pre\u00e7os dos alimentos em janeiro de 2025, conforme levantamento<\/p>\n","protected":false},"author":1,"featured_media":8522,"comment_status":"open","ping_status":"open","sticky":false,"template":"","format":"standard","meta":{"_monsterinsights_skip_tracking":false,"_monsterinsights_sitenote_active":false,"_monsterinsights_sitenote_note":"","_monsterinsights_sitenote_category":0,"_uf_show_specific_survey":0,"_uf_disable_surveys":false,"footnotes":""},"categories":[1],"tags":[],"class_list":["post-9456","post","type-post","status-publish","format-standard","has-post-thumbnail","hentry","category-news"],"_links":{"self":[{"href":"https:\/\/agromt.news\/index.php?rest_route=\/wp\/v2\/posts\/9456"}],"collection":[{"href":"https:\/\/agromt.news\/index.php?rest_route=\/wp\/v2\/posts"}],"about":[{"href":"https:\/\/agromt.news\/index.php?rest_route=\/wp\/v2\/types\/post"}],"author":[{"embeddable":true,"href":"https:\/\/agromt.news\/index.php?rest_route=\/wp\/v2\/users\/1"}],"replies":[{"embeddable":true,"href":"https:\/\/agromt.news\/index.php?rest_route=%2Fwp%2Fv2%2Fcomments&post=9456"}],"version-history":[{"count":0,"href":"https:\/\/agromt.news\/index.php?rest_route=\/wp\/v2\/posts\/9456\/revisions"}],"wp:featuredmedia":[{"embeddable":true,"href":"https:\/\/agromt.news\/index.php?rest_route=\/wp\/v2\/media\/8522"}],"wp:attachment":[{"href":"https:\/\/agromt.news\/index.php?rest_route=%2Fwp%2Fv2%2Fmedia&parent=9456"}],"wp:term":[{"taxonomy":"category","embeddable":true,"href":"https:\/\/agromt.news\/index.php?rest_route=%2Fwp%2Fv2%2Fcategories&post=9456"},{"taxonomy":"post_tag","embeddable":true,"href":"https:\/\/agromt.news\/index.php?rest_route=%2Fwp%2Fv2%2Ftags&post=9456"}],"curies":[{"name":"wp","href":"https:\/\/api.w.org\/{rel}","templated":true}]}}