{"id":9454,"date":"2025-02-12T16:08:19","date_gmt":"2025-02-12T20:08:19","guid":{"rendered":"https:\/\/agromt.news\/?p=9454"},"modified":"2025-02-12T16:08:19","modified_gmt":"2025-02-12T20:08:19","slug":"por-que-o-caruru-preocupa-o-produtor","status":"publish","type":"post","link":"https:\/\/agromt.news\/?p=9454","title":{"rendered":"por que o caruru preocupa o produtor?"},"content":{"rendered":"<p> <br \/>\n<\/p>\n<div>\n<p style=\"text-align:justify\">A r\u00e1pida dissemina\u00e7\u00e3o do caruru nas lavouras do Rio Grande do Sul tem preocupado os produtores rurais. A planta daninha, que j\u00e1 apresenta resist\u00eancia a herbicidas como o glifosato, compromete a produtividade da <a href=\"https:\/\/www.agrolink.com.br\/culturas\/soja?utm_source=agrolink-detalhe-noticia&amp;utm_medium=detalhe-noticia&amp;utm_campaign=links-internos\" target=\"_blank\" rel=\"noopener\">soja<\/a> ao competir por luz, \u00e1gua e <a href=\"https:\/\/www.agrolink.com.br\/fertilizantes\/aspectos-gerais\/nutrientes_361443.html?utm_source=agrolink-detalhe-noticia&amp;utm_medium=detalhe-noticia&amp;utm_campaign=links-internos\" target=\"_blank\" rel=\"noopener\">nutrientes<\/a>.\u00a0&#13;\n<\/p>\n<p style=\"text-align:justify\">Segundo Jo\u00e3o Tom\u00e1s, gerente de marketing regional da Ihara, o problema se agrava quando medidas preventivas n\u00e3o s\u00e3o adotadas. \u201cUm dos principais motivos para a dissemina\u00e7\u00e3o do caruru \u00e9 a falta de herbicidas eficazes. Com a resist\u00eancia ao glifosato, o controle se torna ineficiente, e essa planta tem um alto poder de propaga\u00e7\u00e3o. Basta que uma ou duas fiquem na lavoura para que, na safra seguinte, formem um banco de sementes prejudicial ao agricultor\u201d, alerta Tom\u00e1s.<\/p>\n<p style=\"text-align:justify\">Al\u00e9m das dificuldades no controle, as perdas s\u00e3o expressivas. A presen\u00e7a da planta daninha reduz significativamente o rendimento das lavouras, j\u00e1 que a competi\u00e7\u00e3o com a soja se inicia logo na germina\u00e7\u00e3o. O especialista refor\u00e7a que a estrat\u00e9gia de controle deve come\u00e7ar antes do plantio, com o uso de herbicidas pr\u00e9-emergentes.&#13;\n<\/p>\n<p style=\"text-align:justify\">\u201cDeixar para controlar o caruru apenas na fase p\u00f3s-emergente j\u00e1 coloca o produtor em desvantagem. Quando a soja germina junto com a planta daninha, come\u00e7a a disputa por \u00e1gua, luz e fertilizantes. O produtor investiu no adubo para a soja, mas, se n\u00e3o fizer o manejo adequado, quem aproveita \u00e9 o caruru\u201d, explica.<\/p>\n<p style=\"text-align:justify\">Uma alternativa eficiente \u00e9 o uso de herbicidas pr\u00e9-emergentes que eliminem o caruru antes mesmo do plantio da soja. Dessa forma, a cultura principal cresce sem competi\u00e7\u00e3o e pode expressar seu m\u00e1ximo potencial produtivo.<\/p>\n<p style=\"text-align:justify\">\u201cQuando utilizamos um bom pr\u00e9-emergente,, garantimos que a soja se desenvolva sem interfer\u00eancias. Isso impacta diretamente na produtividade e, no final, significa mais rentabilidade para o produtor\u201d, enfatiza Tom\u00e1s.<\/p>\n<p style=\"text-align:justify\">Diante do avan\u00e7o da resist\u00eancia das plantas daninhas, o manejo preventivo se torna indispens\u00e1vel. Al\u00e9m da escolha do herbicida adequado, o monitoramento constante e a rota\u00e7\u00e3o de culturas s\u00e3o pr\u00e1ticas essenciais para conter a dissemina\u00e7\u00e3o do caruru e evitar preju\u00edzos ainda maiores nas pr\u00f3ximas safras.&#13;\n<\/p>\n<\/p><\/div>\n<p><script data-cfasync=\"false\">\n    !function (f, b, e, v, n, t, s) {\n        if (f.fbq) return; n = f.fbq = function () {\n            n.callMethod ?\n                n.callMethod.apply(n, arguments) : n.queue.push(arguments)\n        };\n        if (!f._fbq) f._fbq = n; n.push = n; n.loaded = !0; n.version = '2.0';\n        n.queue = []; t = b.createElement(e); t.async = !0;\n        t.src = v; s = b.getElementsByTagName(e)[0];\n        s.parentNode.insertBefore(t, s)\n    }(window, document, 'script',\n        'https:\/\/connect.facebook.net\/en_US\/fbevents.js');\n    fbq('init', '522546078623747');\n    fbq('track', 'PageView');\n<\/script><br \/>\n<br \/><br \/>\n<br \/><a href=\"https:\/\/www.agrolink.com.br\/noticias\/resistencia-ao-glifosato-e-alta-disseminacao--por-que-o-caruru-preocupa-o-produtor-_499261.html\">Source link <\/a><\/p>\n","protected":false},"excerpt":{"rendered":"<p>A r\u00e1pida dissemina\u00e7\u00e3o do caruru nas lavouras do Rio Grande do Sul tem preocupado os produtores rurais. A planta daninha,<\/p>\n","protected":false},"author":1,"featured_media":9455,"comment_status":"open","ping_status":"open","sticky":false,"template":"","format":"standard","meta":{"_monsterinsights_skip_tracking":false,"_monsterinsights_sitenote_active":false,"_monsterinsights_sitenote_note":"","_monsterinsights_sitenote_category":0,"_uf_show_specific_survey":0,"_uf_disable_surveys":false,"footnotes":""},"categories":[8,1,14],"tags":[],"class_list":["post-9454","post","type-post","status-publish","format-standard","has-post-thumbnail","hentry","category-agro","category-news","category-politica-agro"],"_links":{"self":[{"href":"https:\/\/agromt.news\/index.php?rest_route=\/wp\/v2\/posts\/9454"}],"collection":[{"href":"https:\/\/agromt.news\/index.php?rest_route=\/wp\/v2\/posts"}],"about":[{"href":"https:\/\/agromt.news\/index.php?rest_route=\/wp\/v2\/types\/post"}],"author":[{"embeddable":true,"href":"https:\/\/agromt.news\/index.php?rest_route=\/wp\/v2\/users\/1"}],"replies":[{"embeddable":true,"href":"https:\/\/agromt.news\/index.php?rest_route=%2Fwp%2Fv2%2Fcomments&post=9454"}],"version-history":[{"count":0,"href":"https:\/\/agromt.news\/index.php?rest_route=\/wp\/v2\/posts\/9454\/revisions"}],"wp:featuredmedia":[{"embeddable":true,"href":"https:\/\/agromt.news\/index.php?rest_route=\/wp\/v2\/media\/9455"}],"wp:attachment":[{"href":"https:\/\/agromt.news\/index.php?rest_route=%2Fwp%2Fv2%2Fmedia&parent=9454"}],"wp:term":[{"taxonomy":"category","embeddable":true,"href":"https:\/\/agromt.news\/index.php?rest_route=%2Fwp%2Fv2%2Fcategories&post=9454"},{"taxonomy":"post_tag","embeddable":true,"href":"https:\/\/agromt.news\/index.php?rest_route=%2Fwp%2Fv2%2Ftags&post=9454"}],"curies":[{"name":"wp","href":"https:\/\/api.w.org\/{rel}","templated":true}]}}