{"id":945,"date":"2024-08-30T00:15:42","date_gmt":"2024-08-30T04:15:42","guid":{"rendered":"https:\/\/agromt.news\/?p=945"},"modified":"2024-08-30T00:15:42","modified_gmt":"2024-08-30T04:15:42","slug":"governo-detalha-medidas-para-a-agricultura-familiar-na-47a-expointer","status":"publish","type":"post","link":"https:\/\/agromt.news\/?p=945","title":{"rendered":"Governo detalha medidas para a agricultura familiar na 47\u00aa Expointer"},"content":{"rendered":"<p> <br \/>\n<br \/><img decoding=\"async\" src=\"https:\/\/agromt.news\/wp-content\/uploads\/2024\/08\/Governo-detalha-medidas-para-a-agricultura-familiar-na-47a-Expointer.jpg\" \/><\/p>\n<div>\n<figure class=\"wp-block-embed is-type-video is-provider-youtube wp-block-embed-youtube wp-embed-aspect-16-9 wp-has-aspect-ratio\">\n<p>\n<iframe title=\"Expointer 2024 | F\u00f3rum traz detalhes sobre Plano Safra da agricultura familiar\" width=\"800\" height=\"450\" src=\"https:\/\/www.youtube.com\/embed\/zRe-fu--FH8?feature=oembed\" frameborder=\"0\" allow=\"accelerometer; autoplay; clipboard-write; encrypted-media; gyroscope; picture-in-picture; web-share\" referrerpolicy=\"strict-origin-when-cross-origin\" allowfullscreen><\/iframe><noscript><iframe title=\"Expointer 2024 | F\u00f3rum traz detalhes sobre Plano Safra da agricultura familiar\" width=\"800\" height=\"450\" src=\"https:\/\/www.youtube.com\/embed\/zRe-fu--FH8?feature=oembed\" frameborder=\"0\" allow=\"accelerometer; autoplay; clipboard-write; encrypted-media; gyroscope; picture-in-picture; web-share\" referrerpolicy=\"strict-origin-when-cross-origin\" allowfullscreen><\/iframe><\/noscript>\n<\/p>\n<\/figure>\n<p>A casa do Canal Rural na <strong><a href=\"https:\/\/www.canalrural.com.br\/mapa-interativo-da-expointer-2024\/\">47\u00aa Expointer<\/a><\/strong> foi palco do lan\u00e7amento do Plano Safra 2024\/25 para a agricultura familiar nesta quinta-feira (29). <\/p>\n<p>Os recursos j\u00e1 haviam sido anunciados em julho, mas foram detalhados para os ga\u00fachos levando em considera\u00e7\u00e3o a grande presen\u00e7a de produtores familiares no estado na feira.<\/p>\n<\/div>\n<div>\n<p>Assim, foi lembrado que o volume destinado pelo governo federal ao Plano Safra da Agricultura Familiar 2024\/25 \u00e9 superior a <strong>R$ 85 bilh\u00f5es<\/strong>. Desse montante, <strong>R$ 76 bilh\u00f5es <\/strong>s\u00e3o destinados ao Programa Nacional de Fortalecimento da Agricultura Familiar <strong><a href=\"https:\/\/www.bndes.gov.br\/wps\/portal\/site\/home\/financiamento\/produto\/pronaf\">(Pronaf)<\/a><\/strong>. As taxas variam de 0,5% a 6% ao ano, conforme o tipo de produ\u00e7\u00e3o.<\/p>\n<p>Os desafios, agora, giram em torno das medidas que v\u00e3o favorecer os produtores atingidos pela cat\u00e1strofe clim\u00e1tica a renegociarem d\u00edvidas e acessarem os recursos.<\/p>\n<h2 class=\"wp-block-heading\" id=\"h-auxilio-aos-produtores-e-empresas\">Aux\u00edlio aos produtores e empresas<\/h2>\n<p>O ministro do Desenvolvimento Agr\u00e1rio, Paulo Teixeira, ressaltou que al\u00e9m da <strong><a href=\"https:\/\/www.canalrural.com.br\/economia\/congresso-aprova-projeto-para-desnegativar-empresas-e-pessoas-fisicas-do-rio-grande-do-sul\/\">\u201cdesnegativa\u00e7\u00e3o\u201d do nome dos produtores e empresas ga\u00fachas que estavam com o nome com restri\u00e7\u00e3o<\/a><\/strong>, o governo deve anunciar recursos para as cooperativas e uma nova linha de financiamento para a recupera\u00e7\u00e3o de solo.<\/p>\n<p>Durante o evento na Casa do Canal Rural ainda foram assinados diversos conv\u00eanios, como o lan\u00e7amento do Programa Nacional de Forma\u00e7\u00e3o em Compras P\u00fablicas da Agricultura Familiar, uma iniciativa da Conab voltada para cooperativas e associa\u00e7\u00f5es para facilitar o acesso a um maior n\u00famero de pol\u00edticas de compras p\u00fablicas, tal como o programa de aquisi\u00e7\u00e3o de alimentos. <\/p>\n<\/div>\n<p><br \/>\n<br \/><a href=\"https:\/\/www.canalrural.com.br\/agricultura\/governo-detalha-medidas-para-a-agricultura-familiar-na-47a-expointer\/\">Source link <\/a><\/p>\n","protected":false},"excerpt":{"rendered":"<p>A casa do Canal Rural na 47\u00aa Expointer foi palco do lan\u00e7amento do Plano Safra 2024\/25 para a agricultura familiar<\/p>\n","protected":false},"author":1,"featured_media":946,"comment_status":"open","ping_status":"open","sticky":false,"template":"","format":"standard","meta":{"_monsterinsights_skip_tracking":false,"_monsterinsights_sitenote_active":false,"_monsterinsights_sitenote_note":"","_monsterinsights_sitenote_category":0,"_uf_show_specific_survey":0,"_uf_disable_surveys":false,"footnotes":""},"categories":[1],"tags":[],"class_list":["post-945","post","type-post","status-publish","format-standard","has-post-thumbnail","hentry","category-news"],"_links":{"self":[{"href":"https:\/\/agromt.news\/index.php?rest_route=\/wp\/v2\/posts\/945"}],"collection":[{"href":"https:\/\/agromt.news\/index.php?rest_route=\/wp\/v2\/posts"}],"about":[{"href":"https:\/\/agromt.news\/index.php?rest_route=\/wp\/v2\/types\/post"}],"author":[{"embeddable":true,"href":"https:\/\/agromt.news\/index.php?rest_route=\/wp\/v2\/users\/1"}],"replies":[{"embeddable":true,"href":"https:\/\/agromt.news\/index.php?rest_route=%2Fwp%2Fv2%2Fcomments&post=945"}],"version-history":[{"count":0,"href":"https:\/\/agromt.news\/index.php?rest_route=\/wp\/v2\/posts\/945\/revisions"}],"wp:featuredmedia":[{"embeddable":true,"href":"https:\/\/agromt.news\/index.php?rest_route=\/wp\/v2\/media\/946"}],"wp:attachment":[{"href":"https:\/\/agromt.news\/index.php?rest_route=%2Fwp%2Fv2%2Fmedia&parent=945"}],"wp:term":[{"taxonomy":"category","embeddable":true,"href":"https:\/\/agromt.news\/index.php?rest_route=%2Fwp%2Fv2%2Fcategories&post=945"},{"taxonomy":"post_tag","embeddable":true,"href":"https:\/\/agromt.news\/index.php?rest_route=%2Fwp%2Fv2%2Ftags&post=945"}],"curies":[{"name":"wp","href":"https:\/\/api.w.org\/{rel}","templated":true}]}}