{"id":9446,"date":"2025-02-12T08:40:50","date_gmt":"2025-02-12T12:40:50","guid":{"rendered":"https:\/\/agromt.news\/?p=9446"},"modified":"2025-02-12T08:40:50","modified_gmt":"2025-02-12T12:40:50","slug":"vetos-aos-fiagros-serao-derrubados-no-congresso-nacional-diz-fpa","status":"publish","type":"post","link":"https:\/\/agromt.news\/?p=9446","title":{"rendered":"Vetos aos Fiagros ser\u00e3o derrubados no Congresso Nacional, diz FPA"},"content":{"rendered":"<p> <br \/>\n<br \/><img decoding=\"async\" src=\"https:\/\/agromt.news\/wp-content\/uploads\/2025\/01\/Selic-alta-desafia-credito-rural-pressionando-produtores-e-novo-Plano.jpg\" \/><\/p>\n<div>\n<p>A Frente Parlamentar da Agropecu\u00e1ria (FPA) realizou, nesta ter\u00e7a-feira (11), a primeira reuni\u00e3o-almo\u00e7o de 2025 com parlamentares e representantes do setor produtivo para discutir temas que impactam diretamente a agropecu\u00e1ria brasileira. <\/p>\n<figure class=\"wp-block-embed is-type-video is-provider-youtube wp-block-embed-youtube wp-embed-aspect-16-9 wp-has-aspect-ratio\">\n<p>\n<iframe title=\"Em Bras\u00edlia | FPA discute temas priorit\u00e1rios ao agroneg\u00f3cio em 2025\" width=\"800\" height=\"450\" src=\"https:\/\/www.youtube.com\/embed\/HtFV1YqUgtQ?feature=oembed\" frameborder=\"0\" allow=\"accelerometer; autoplay; clipboard-write; encrypted-media; gyroscope; picture-in-picture; web-share\" referrerpolicy=\"strict-origin-when-cross-origin\" allowfullscreen><\/iframe><noscript><iframe title=\"Em Bras\u00edlia | FPA discute temas priorit\u00e1rios ao agroneg\u00f3cio em 2025\" width=\"800\" height=\"450\" src=\"https:\/\/www.youtube.com\/embed\/HtFV1YqUgtQ?feature=oembed\" frameborder=\"0\" allow=\"accelerometer; autoplay; clipboard-write; encrypted-media; gyroscope; picture-in-picture; web-share\" referrerpolicy=\"strict-origin-when-cross-origin\" allowfullscreen><\/iframe><\/noscript>\n<\/p>\n<\/figure>\n<p>Entre os assuntos em pauta estavam o veto do <strong><a href=\"https:\/\/www.canalrural.com.br\/tag\/lula\/\">presidente da Rep\u00fablica<\/a><\/strong> aos Fundos de Investimentos nas Cadeias Produtivas Agroindustriais (Fiagros), no \u00e2mbito da Reforma Tribut\u00e1ria, e a infla\u00e7\u00e3o dos alimentos.<\/p>\n<p>O deputado Arnaldo Jardim (Cidadania-SP) defendeu a import\u00e2ncia desses fundos para o agroneg\u00f3cio, destacando que mais de 600 mil brasileiros j\u00e1 investem nos Fiagros, com um ticket m\u00e9dio de R$ 15 mil.<\/p>\n<p>\u201cO valor investido j\u00e1 ultrapassa os R$ 40 bilh\u00f5es, e a taxa\u00e7\u00e3o comprometeria o funcionamento desses fundos, afetando diretamente o financiamento da produ\u00e7\u00e3o agropecu\u00e1ria\u201d, afirmou.<\/p>\n<p>O presidente da bancada, deputado Pedro Lupion, tamb\u00e9m se posicionou contra o veto presidencial e garantiu que a FPA trabalhar\u00e1 para derrub\u00e1-lo no Congresso Nacional. <\/p>\n<\/div>\n<div>\n<p>\u201cN\u00e3o podemos permitir que a taxa\u00e7\u00e3o prejudique fundos essenciais para o financiamento do setor. O governo precisa dar um sinal claro de que n\u00e3o pretende tributar os Fiagros\u201d, ressaltou. <\/p>\n<p>Segundo o deputado, a manuten\u00e7\u00e3o do veto compromete um instrumento financeiro estrat\u00e9gico para o desenvolvimento do agroneg\u00f3cio no Brasil. \u201cEstamos falando de uma nova forma de financiamento do setor agropecu\u00e1rio. Esse veto n\u00e3o era necess\u00e1rio, e um acordo sem mudan\u00e7as significativas seria apenas \u2018chover no molhado\u2019. Na pr\u00f3xima sess\u00e3o do Congresso, vamos atuar para derrubar os vetos aos fundos\u201d, afirmou.<\/p>\n<p>O deputado Alceu Moreira (MDB-RS) tamb\u00e9m criticou a decis\u00e3o do governo: \u201cO Fiagro foi criado de forma muito inteligente e para ajudar. Colocar qualquer tipo de tributa\u00e7\u00e3o nisso significa que o cidad\u00e3o ter\u00e1 que pagar imposto para participar. N\u00e3o faz sentido tributar uma transa\u00e7\u00e3o desse tipo\u201d.<\/p>\n<h2 class=\"wp-block-heading\" id=\"h-seguro-rural\">Seguro rural<\/h2>\n<p>A FPA tamb\u00e9m abordou a situa\u00e7\u00e3o do Seguro Rural. Lupion alertou que o corte no Programa de Garantia da Atividade Agropecu\u00e1ria (Proagro), que oferece seguro para o setor agr\u00edcola, afetou cerca de <strong>40% <\/strong>dos benefici\u00e1rios na cadeia produtiva do pa\u00eds. <\/p>\n<p>\u201cO governo federal ainda n\u00e3o encontrou uma solu\u00e7\u00e3o eficaz para garantir a continuidade do cr\u00e9dito e do seguro para os produtores, que precisam de alternativas para financiar a pr\u00f3xima safra\u201d, afirmou.<\/p>\n<p>O ministro da Agricultura, Carlos F\u00e1varo, tamb\u00e9m demonstrou preocupa\u00e7\u00e3o com a situa\u00e7\u00e3o e defendeu a necessidade de mudan\u00e7as legislativas a m\u00e9dio prazo. \u201cPrecisamos garantir que o produtor tenha acesso ao cr\u00e9dito e ao seguro, pois, sem isso, n\u00e3o ser\u00e1 poss\u00edvel manter a produ\u00e7\u00e3o e a competitividade do Brasil no mercado global\u201d, concluiu Lupion.<\/p>\n<\/p><\/div>\n<p><br \/>\n<br \/><a href=\"https:\/\/www.canalrural.com.br\/politica\/vetos-aos-fiagros-serao-derrubados-no-congresso-nacional-diz-fpa\/\">Source link <\/a><\/p>\n","protected":false},"excerpt":{"rendered":"<p>A Frente Parlamentar da Agropecu\u00e1ria (FPA) realizou, nesta ter\u00e7a-feira (11), a primeira reuni\u00e3o-almo\u00e7o de 2025 com parlamentares e representantes do<\/p>\n","protected":false},"author":1,"featured_media":8193,"comment_status":"open","ping_status":"open","sticky":false,"template":"","format":"standard","meta":{"_monsterinsights_skip_tracking":false,"_monsterinsights_sitenote_active":false,"_monsterinsights_sitenote_note":"","_monsterinsights_sitenote_category":0,"_uf_show_specific_survey":0,"_uf_disable_surveys":false,"footnotes":""},"categories":[1],"tags":[],"class_list":["post-9446","post","type-post","status-publish","format-standard","has-post-thumbnail","hentry","category-news"],"_links":{"self":[{"href":"https:\/\/agromt.news\/index.php?rest_route=\/wp\/v2\/posts\/9446"}],"collection":[{"href":"https:\/\/agromt.news\/index.php?rest_route=\/wp\/v2\/posts"}],"about":[{"href":"https:\/\/agromt.news\/index.php?rest_route=\/wp\/v2\/types\/post"}],"author":[{"embeddable":true,"href":"https:\/\/agromt.news\/index.php?rest_route=\/wp\/v2\/users\/1"}],"replies":[{"embeddable":true,"href":"https:\/\/agromt.news\/index.php?rest_route=%2Fwp%2Fv2%2Fcomments&post=9446"}],"version-history":[{"count":0,"href":"https:\/\/agromt.news\/index.php?rest_route=\/wp\/v2\/posts\/9446\/revisions"}],"wp:featuredmedia":[{"embeddable":true,"href":"https:\/\/agromt.news\/index.php?rest_route=\/wp\/v2\/media\/8193"}],"wp:attachment":[{"href":"https:\/\/agromt.news\/index.php?rest_route=%2Fwp%2Fv2%2Fmedia&parent=9446"}],"wp:term":[{"taxonomy":"category","embeddable":true,"href":"https:\/\/agromt.news\/index.php?rest_route=%2Fwp%2Fv2%2Fcategories&post=9446"},{"taxonomy":"post_tag","embeddable":true,"href":"https:\/\/agromt.news\/index.php?rest_route=%2Fwp%2Fv2%2Ftags&post=9446"}],"curies":[{"name":"wp","href":"https:\/\/api.w.org\/{rel}","templated":true}]}}