{"id":9445,"date":"2025-02-12T08:36:58","date_gmt":"2025-02-12T12:36:58","guid":{"rendered":"https:\/\/agromt.news\/?p=9445"},"modified":"2025-02-12T08:36:58","modified_gmt":"2025-02-12T12:36:58","slug":"milho-fecha-misto-na-b3","status":"publish","type":"post","link":"https:\/\/agromt.news\/?p=9445","title":{"rendered":"Milho fecha misto na B3"},"content":{"rendered":"<p> <br \/>\n<\/p>\n<div>\n<p>Na Bolsa de Mercadorias de S\u00e3o Paulo (B3), o <a href=\"https:\/\/www.agrolink.com.br\/culturas\/milho?utm_source=agrolink-detalhe-noticia&amp;utm_medium=detalhe-noticia&amp;utm_campaign=links-internos&#9;\" target=\"_blank\" rel=\"noopener\">milho<\/a> fechou de forma mista com relat\u00f3rio norte-americano com pouca varia\u00e7\u00e3o, segundo informa\u00e7\u00f5es da TF Agroecon\u00f4mica. \u201cAs cota\u00e7\u00f5es da B3 ca\u00edram para as posi\u00e7\u00f5es mais curtas e subiram levemente para as mais longas. A queda acompanhou Chicago e as poucas altera\u00e7\u00f5es no relat\u00f3rio americano de oferta e demanda\u201d, comenta.&#13;\n<\/p>\n<p>\u201cPara o Brasil o USDA reduziu a colheita e as exporta\u00e7\u00f5es de 127 para 126 e de 47 para 46 milh\u00f5es de toneladas, respectivamente. A Conab trabalha com n\u00fameros menores desde janeiro e lan\u00e7a o seu novo relat\u00f3rio nesta quinta-feira. As cota\u00e7\u00f5es mais longas subiram levemente apenas para ajustes na perspectiva de pre\u00e7o p\u00f3s-colheita\u201d, completa.<\/p>\n<p>Diante deste quadro, as cota\u00e7\u00f5es futuras fecharam de forma mista no dia. \u201cO vencimento de mar\u00e7o\/25 foi de R$ 78,57 apresentando baixa de R$ -0,70 no dia, alta de R$ 1,95 na semana; maio\/25 fechou a R$ 77,50, baixa de R$ -0,60 no dia, alta e R$ 0,97 na semana; o vencimento julho\/25 fechou a R$ 72,78, baixa de R$ -0,07 no dia e alta de R$ 0,94 na semana\u201d, indica.&#13;\n<\/p>\n<p>Na Bolsa de Chicago, o milho acabou fechando em baixa. \u201cA cota\u00e7\u00e3o de mar\u00e7o, refer\u00eancia para a nossa safra de ver\u00e3o, fechou em baixa de -1,53 % ou $ -7,50 cents\/bushel a $ 484,00. A cota\u00e7\u00e3o para maio, fechou em baixa de -1,29 % ou $ -6,50 cents\/bushel a $ 498,00\u201d, informa.<\/p>\n<p>\u201cAssim como na soja, o milho n\u00e3o conseguiu sustentar os pequenos ganhos logo ap\u00f3s o relat\u00f3rio de oferta e demanda do USDA. Os cortes para o Brasil e a Argentina foram considerados modestos, quase n\u00e3o alterando o saldo export\u00e1vel do ano. J\u00e1 a Importa\u00e7\u00e3o por parte da China caiu de 13 para 10 milh\u00f5es de toneladas segundo o relat\u00f3rio WASDE. O Minist\u00e9rio da Agricultura da China manteve suas estimativas para a produ\u00e7\u00e3o de milho do pa\u00eds em 2024\/25, em 294.907.000 de toneladas\u201d, conclui.<br \/>&#13;<br \/>\n\u00a0&#13;\n<\/p>\n<\/p><\/div>\n<p><script data-cfasync=\"false\">\n    !function (f, b, e, v, n, t, s) {\n        if (f.fbq) return; n = f.fbq = function () {\n            n.callMethod ?\n                n.callMethod.apply(n, arguments) : n.queue.push(arguments)\n        };\n        if (!f._fbq) f._fbq = n; n.push = n; n.loaded = !0; n.version = '2.0';\n        n.queue = []; t = b.createElement(e); t.async = !0;\n        t.src = v; s = b.getElementsByTagName(e)[0];\n        s.parentNode.insertBefore(t, s)\n    }(window, document, 'script',\n        'https:\/\/connect.facebook.net\/en_US\/fbevents.js');\n    fbq('init', '522546078623747');\n    fbq('track', 'PageView');\n<\/script><br \/>\n<br \/><br \/>\n<br \/><a href=\"https:\/\/www.agrolink.com.br\/noticias\/milho-fecha-misto-na-b3_499263.html\">Source link <\/a><\/p>\n","protected":false},"excerpt":{"rendered":"<p>Na Bolsa de Mercadorias de S\u00e3o Paulo (B3), o milho fechou de forma mista com relat\u00f3rio norte-americano com pouca varia\u00e7\u00e3o,<\/p>\n","protected":false},"author":1,"featured_media":2561,"comment_status":"open","ping_status":"open","sticky":false,"template":"","format":"standard","meta":{"_monsterinsights_skip_tracking":false,"_monsterinsights_sitenote_active":false,"_monsterinsights_sitenote_note":"","_monsterinsights_sitenote_category":0,"_uf_show_specific_survey":0,"_uf_disable_surveys":false,"footnotes":""},"categories":[8,1,14],"tags":[],"class_list":["post-9445","post","type-post","status-publish","format-standard","has-post-thumbnail","hentry","category-agro","category-news","category-politica-agro"],"_links":{"self":[{"href":"https:\/\/agromt.news\/index.php?rest_route=\/wp\/v2\/posts\/9445"}],"collection":[{"href":"https:\/\/agromt.news\/index.php?rest_route=\/wp\/v2\/posts"}],"about":[{"href":"https:\/\/agromt.news\/index.php?rest_route=\/wp\/v2\/types\/post"}],"author":[{"embeddable":true,"href":"https:\/\/agromt.news\/index.php?rest_route=\/wp\/v2\/users\/1"}],"replies":[{"embeddable":true,"href":"https:\/\/agromt.news\/index.php?rest_route=%2Fwp%2Fv2%2Fcomments&post=9445"}],"version-history":[{"count":0,"href":"https:\/\/agromt.news\/index.php?rest_route=\/wp\/v2\/posts\/9445\/revisions"}],"wp:featuredmedia":[{"embeddable":true,"href":"https:\/\/agromt.news\/index.php?rest_route=\/wp\/v2\/media\/2561"}],"wp:attachment":[{"href":"https:\/\/agromt.news\/index.php?rest_route=%2Fwp%2Fv2%2Fmedia&parent=9445"}],"wp:term":[{"taxonomy":"category","embeddable":true,"href":"https:\/\/agromt.news\/index.php?rest_route=%2Fwp%2Fv2%2Fcategories&post=9445"},{"taxonomy":"post_tag","embeddable":true,"href":"https:\/\/agromt.news\/index.php?rest_route=%2Fwp%2Fv2%2Ftags&post=9445"}],"curies":[{"name":"wp","href":"https:\/\/api.w.org\/{rel}","templated":true}]}}