{"id":9441,"date":"2025-02-12T03:51:59","date_gmt":"2025-02-12T07:51:59","guid":{"rendered":"https:\/\/agromt.news\/?p=9441"},"modified":"2025-02-12T03:51:59","modified_gmt":"2025-02-12T07:51:59","slug":"brasil-exportou-menos-cafe-em-janeiro-mas-receita-foi-60-maior","status":"publish","type":"post","link":"https:\/\/agromt.news\/?p=9441","title":{"rendered":"Brasil exportou menos caf\u00e9 em janeiro, mas receita foi 60% maior"},"content":{"rendered":"<p> <br \/>\n<\/p>\n<div>\n<p>O Brasil exportou 3,977 milh\u00f5es de sacas de 60 kg de caf\u00e9 em janeiro de 2025, redu\u00e7\u00e3o de 1,6% em rela\u00e7\u00e3o aos 4,042 milh\u00f5es de sacas apurados no primeiro m\u00eas do ano passado, conforme relat\u00f3rio estat\u00edstico mensal do Conselho dos Exportadores de Caf\u00e9 do Brasil (Cecaf\u00e9). <\/p>\n<p>Por\u00e9m, em <strong><a href=\"https:\/\/www.canalrural.com.br\/economia\/\">receita<\/a><\/strong>, h\u00e1 incremento de 59,9% no mesmo intervalo comparativo, com o ingresso de divisas saltando de US$ 823 milh\u00f5es para os atuais US$ 1,316 bilh\u00e3o.<\/p>\n<p>\u201cPor estarmos em per\u00edodo de entressafra no Brasil e continuarmos enfrentando intensos gargalos log\u00edsticos, podemos considerar como boa a performance das exporta\u00e7\u00f5es, em janeiro, quando comparadas com o mesmo per\u00edodo de 2024. J\u00e1 o incremento na receita cambial, na casa dos 60%, ratifica o efeito das altas dos pre\u00e7os que j\u00e1 vem desde longo per\u00edodo\u201d, analisa o presidente da entidade, M\u00e1rcio Ferreira.<\/p>\n<h2 class=\"wp-block-heading\" id=\"h-tipos-de-cafe\">Tipos de caf\u00e9<\/h2>\n<p>Em janeiro, o caf\u00e9 ar\u00e1bica, com a emiss\u00e3o de 3,278 milh\u00f5es de sacas ao exterior, permaneceu como o mais exportado pelo Brasil. Esse volume equivale a 82,4% do total embarcado, mesmo implicando leve queda de 0,3% frente a janeiro de 2024, mostra o relat\u00f3rio do Cecaf\u00e9.<\/p>\n<p>Na sequ\u00eancia, vieram os caf\u00e9s can\u00e9foras (conilon + robusta), apesar de recuo de 28,9 pontos percentuais na compara\u00e7\u00e3o anual. No primeiro m\u00eas deste ano, o pa\u00eds remeteu 328.074 sacas ao exterior dessa esp\u00e9cie, o que gerou uma representatividade de 8,3% nas exporta\u00e7\u00f5es totais.<\/p>\n<p>Completam a lista os segmentos do caf\u00e9 sol\u00favel, com 365.598 sacas, avan\u00e7o de 24,8% e 9,2% do total, e do produto torrado e mo\u00eddo, com 4.968 sacas (+156,6% e 0,1% de representatividade).<\/p>\n<blockquote class=\"wp-block-quote is-layout-flow wp-block-quote-is-layout-flow\">\n<p>\u201cOs caf\u00e9s industrializados puxaram a fila do bom desempenho em janeiro. Todavia, n\u00e3o podemos deixar de notar a redu\u00e7\u00e3o no volume dos can\u00e9foras, que foi motivada, principalmente, pelo fato de o caf\u00e9 concorrente do Vietn\u00e3, desde a entrada da safra, em novembro, ter se tornado bem mais competitivo em termos de pre\u00e7o. Esse movimento deve continuar nos pr\u00f3ximos meses, no m\u00ednimo, at\u00e9 a colheita da safra nacional de conilon e robusta, em maio\u201d, comenta Ferreira.<\/p>\n<\/blockquote>\n<p>Ele analisa, ainda, a leve redu\u00e7\u00e3o no volume de ar\u00e1bica remetido ao exterior. \u201cTamb\u00e9m \u00e9 poss\u00edvel notar outras origens mais competitivas do que o Brasil, em especial no que se refere a caf\u00e9s naturais finos e aos de peneiras maiores em rela\u00e7\u00e3o aos nossos caf\u00e9s semi-lavado ou cereja descascado. Essa tend\u00eancia, quando falamos em volume, deve permanecer, similar ao que prevejo aos can\u00e9foras, at\u00e9 a entrada da pr\u00f3xima safra de ar\u00e1bica brasileira\u201d, completa.<\/p>\n<h2 class=\"wp-block-heading\" id=\"h-principais-destinos\">Principais destinos<\/h2>\n<p>Entre os principais destinos do caf\u00e9 brasileiro no m\u00eas passado, destacam-se:<\/p>\n<ul class=\"wp-block-list\">\n<li><strong>Estados Unidos:<\/strong> importa\u00e7\u00e3o de 713.348 sacas, 17,9% do total (+3,1% na compara\u00e7\u00e3o com janeiro de 2024)<\/li>\n<li><strong>Alemanha:<\/strong> 457.569 sacas, 11,5% de representatividade (-35%)<\/li>\n<li><strong>It\u00e1lia:<\/strong> 262.809 sacas (+31,2%); <\/li>\n<li><strong>Jap\u00e3o:<\/strong> 247.840 sacas (+15,5%); e <\/li>\n<li><strong>B\u00e9lgica:<\/strong> 206.283 sacas (-50,4%).<\/li>\n<\/ul>\n<p>Mesmo com os caf\u00e9s vietnamitas e indon\u00e9sios mais competitivos que os can\u00e9foras nacionais em janeiro, o Brasil ainda ampliou seus embarques de caf\u00e9 verde para ambos os destinos asi\u00e1ticos, em 387,2% (51.963 sacas) e 95,3% (37.562 sacas), respectivamente.<\/p>\n<\/div>\n<div>\n<p>\u201cAs exporta\u00e7\u00f5es para Vietn\u00e3 e Indon\u00e9sia s\u00e3o de contratos fechados em meados do ano passado, quando nossos conilon e robusta eram mais competitivos. Esses caf\u00e9s, em verdade, j\u00e1 deveriam ter sa\u00eddo de nosso pa\u00eds se n\u00e3o fossem, principalmente, os gargalos log\u00edsticos nos portos brasileiros, que impediram o embarque de 1,8 milh\u00e3o de sacas em 2024 devido a constantes atrasos de navios e altera\u00e7\u00f5es de escalas\u201d, afirma Ferreira. <\/p>\n<p>Tamb\u00e9m para esses destinos, a tend\u00eancia \u00e9 de redu\u00e7\u00e3o nos pr\u00f3ximos meses, diz o presidente do Cecaf\u00e9.<\/p>\n<h2 class=\"wp-block-heading\" id=\"h-cafes-diferenciados\">Caf\u00e9s diferenciados<\/h2>\n<figure class=\"wp-block-image size-large\"><img fetchpriority=\"high\" decoding=\"async\" width=\"1024\" height=\"683\" alt=\"cafe-ig-23\" class=\"wp-image-4021637\"  data-lazy- src=\"https:\/\/agromt.news\/wp-content\/uploads\/2025\/02\/Brasil-exportou-menos-cafe-em-janeiro-mas-receita-foi-60.jpg\"\/><img decoding=\"async\" width=\"1024\" height=\"683\" src=\"https:\/\/agromt.news\/wp-content\/uploads\/2025\/02\/Brasil-exportou-menos-cafe-em-janeiro-mas-receita-foi-60.jpg\" alt=\"cafe-ig-23\" class=\"wp-image-4021637\"  \/><\/figure>\n<p>O relat\u00f3rio da entidade mostra que os caf\u00e9s que possuem qualidade superior ou certificados de pr\u00e1ticas sustent\u00e1veis responderam por 25,4% das exporta\u00e7\u00f5es totais brasileiras no m\u00eas passado, com a remessa de 1,012 milh\u00e3o de sacas ao exterior. Esse volume \u00e9 24,5% superior ao registrado em janeiro de 2024.<\/p>\n<p>A um pre\u00e7o m\u00e9dio de US$ 388,35 por saca, a receita cambial com os embarques dos caf\u00e9s diferenciados foi de US$ 393 milh\u00f5es, o que correspondeu a 29,9% do obtido com todos os embarques de caf\u00e9 no primeiro m\u00eas deste ano. No comparativo anual, o valor foi 113,1% maior do que o registrado em janeiro de 2024.<\/p>\n<p>No ranking dos principais destinos dos caf\u00e9s diferenciados, os Estados Unidos tamb\u00e9m ficaram na lideran\u00e7a, com a compra de 206.657 sacas, o equivalente a 20,4% do total desse tipo de produto exportado.<\/p>\n<p>Fechando o top 5, apareceram: <\/p>\n<ul class=\"wp-block-list\">\n<li><strong>B\u00e9lgica:<\/strong> 135.216 sacas e representatividade de 13,4%; <\/li>\n<li><strong>Alemanha: <\/strong>134.749 sacas (13,3%); <\/li>\n<li><strong>Jap\u00e3o:<\/strong> 67.181 sacas (6,6%); e <\/li>\n<li><strong>Holanda (Pa\u00edses Baixos):<\/strong> 57.869 sacas (5,7%)<\/li>\n<\/ul>\n<p>A respeito dos portos que mais embarcam o caf\u00e9 nacional, o Porto de Santos permaneceu como o principal exportador dos caf\u00e9s do Brasil em janeiro, com 2,996 milh\u00f5es de sacas e representatividade de 75,3% no total. <\/p>\n<p>Na sequ\u00eancia, apareceram o complexo portu\u00e1rio do Rio de Janeiro, que respondeu por 21% dos embarques ao remeter 834.220 sacas ao exterior, e o Porto de Paranagu\u00e1 (PR), que exportou 35.995 sacas e teve representatividade de 0,9%.<\/p>\n<h2 class=\"wp-block-heading\" id=\"h-safra-24-25\">Safra 24\/25<\/h2>\n<figure class=\"wp-block-image size-large\"><img decoding=\"async\" width=\"1024\" height=\"683\" alt=\"Cultura de Caf\u00e9 Ar\u00e1bica\" class=\"wp-image-4086980\"  data-lazy- src=\"https:\/\/agromt.news\/wp-content\/uploads\/2025\/02\/1739346719_68_Brasil-exportou-menos-cafe-em-janeiro-mas-receita-foi-60.jpg\"\/><img loading=\"lazy\" decoding=\"async\" width=\"1024\" height=\"683\" src=\"https:\/\/agromt.news\/wp-content\/uploads\/2025\/02\/1739346719_68_Brasil-exportou-menos-cafe-em-janeiro-mas-receita-foi-60.jpg\" alt=\"Cultura de Caf\u00e9 Ar\u00e1bica\" class=\"wp-image-4086980\"  \/><figcaption class=\"wp-element-caption\">Foto: Gilberto Marques<\/figcaption><\/figure>\n<p>As exporta\u00e7\u00f5es brasileiras de caf\u00e9, no acumulado de julho de 2024 a janeiro de 2025, totalizaram 30,147 milh\u00f5es de sacas, gerando o ingresso de US$ 8,522 bilh\u00f5es no pa\u00eds, mostra o relat\u00f3rio do Cecaf\u00e9. <\/p>\n<p>Na compara\u00e7\u00e3o com o primeiro septimestre da temporada 2023\/24, foram registrados crescimentos de 11,3% em volume e 60,3% em receita cambial.<\/p>\n<p>Os dois desempenhos s\u00e3o os maiores da hist\u00f3ria para esse intervalo de sete meses de um ano safra cafeeiro no Brasil e foram impulsionados pelos recordes alcan\u00e7ados, em sacas e d\u00f3lares, com os embarques de caf\u00e9 verde e industrializado, principalmente o produto sol\u00favel.<\/p>\n<\/p><\/div>\n<p><br \/>\n<br \/><a href=\"https:\/\/www.canalrural.com.br\/agricultura\/brasil-exportou-menos-cafe-em-janeiro-mas-receita-foi-60-maior\/\">Source link <\/a><\/p>\n","protected":false},"excerpt":{"rendered":"<p>O Brasil exportou 3,977 milh\u00f5es de sacas de 60 kg de caf\u00e9 em janeiro de 2025, redu\u00e7\u00e3o de 1,6% em<\/p>\n","protected":false},"author":1,"featured_media":8865,"comment_status":"open","ping_status":"open","sticky":false,"template":"","format":"standard","meta":{"_monsterinsights_skip_tracking":false,"_monsterinsights_sitenote_active":false,"_monsterinsights_sitenote_note":"","_monsterinsights_sitenote_category":0,"_uf_show_specific_survey":0,"_uf_disable_surveys":false,"footnotes":""},"categories":[1],"tags":[],"class_list":["post-9441","post","type-post","status-publish","format-standard","has-post-thumbnail","hentry","category-news"],"_links":{"self":[{"href":"https:\/\/agromt.news\/index.php?rest_route=\/wp\/v2\/posts\/9441"}],"collection":[{"href":"https:\/\/agromt.news\/index.php?rest_route=\/wp\/v2\/posts"}],"about":[{"href":"https:\/\/agromt.news\/index.php?rest_route=\/wp\/v2\/types\/post"}],"author":[{"embeddable":true,"href":"https:\/\/agromt.news\/index.php?rest_route=\/wp\/v2\/users\/1"}],"replies":[{"embeddable":true,"href":"https:\/\/agromt.news\/index.php?rest_route=%2Fwp%2Fv2%2Fcomments&post=9441"}],"version-history":[{"count":0,"href":"https:\/\/agromt.news\/index.php?rest_route=\/wp\/v2\/posts\/9441\/revisions"}],"wp:featuredmedia":[{"embeddable":true,"href":"https:\/\/agromt.news\/index.php?rest_route=\/wp\/v2\/media\/8865"}],"wp:attachment":[{"href":"https:\/\/agromt.news\/index.php?rest_route=%2Fwp%2Fv2%2Fmedia&parent=9441"}],"wp:term":[{"taxonomy":"category","embeddable":true,"href":"https:\/\/agromt.news\/index.php?rest_route=%2Fwp%2Fv2%2Fcategories&post=9441"},{"taxonomy":"post_tag","embeddable":true,"href":"https:\/\/agromt.news\/index.php?rest_route=%2Fwp%2Fv2%2Ftags&post=9441"}],"curies":[{"name":"wp","href":"https:\/\/api.w.org\/{rel}","templated":true}]}}