{"id":9440,"date":"2025-02-12T03:38:29","date_gmt":"2025-02-12T07:38:29","guid":{"rendered":"https:\/\/agromt.news\/?p=9440"},"modified":"2025-02-12T03:38:29","modified_gmt":"2025-02-12T07:38:29","slug":"colheita-do-feijao-avanca-mas-estiagem-afeta-qualidade","status":"publish","type":"post","link":"https:\/\/agromt.news\/?p=9440","title":{"rendered":"Colheita do feij\u00e3o avan\u00e7a, mas estiagem afeta qualidade"},"content":{"rendered":"<p> <br \/>\n<\/p>\n<div>\n<p style=\"text-align:justify\">Segundo o Informativo Conjuntural da Emater\/RS-Ascar, divulgado na \u00faltima quinta-feira (6), a\u00a0colheita da primeira safra de <a href=\"https:\/\/www.agrolink.com.br\/culturas\/feijao\/?utm_source=agrolink-detalhe-noticia&amp;utm_medium=detalhe-noticia&amp;utm_campaign=links-internos\" target=\"_blank\" rel=\"noopener\">feij\u00e3o<\/a> no Rio Grande do Sul est\u00e1 em fase final nas regi\u00f5es que adotam o cultivo em duas safras. A produtividade segue vari\u00e1vel, dependendo do uso de insumos e das condi\u00e7\u00f5es clim\u00e1ticas durante o ciclo produtivo.&#13;\n<\/p>\n<p style=\"text-align:justify\">Os gr\u00e3os colhidos nas lavouras mais precoces apresentam peso e qualidade adequados, garantindo boa aceita\u00e7\u00e3o no mercado. No entanto, a qualidade dos gr\u00e3os colhidos recentemente caiu significativamente, afetando a rentabilidade dos produtores. A produtividade m\u00e9dia alcan\u00e7ada no estado est\u00e1 estimada em 1.600 kg por hectare.<\/p>\n<p style=\"text-align:justify\">Na regi\u00e3o de Iju\u00ed, 86% da \u00e1rea j\u00e1 foi colhida, mas a produtividade das lavouras de sequeiro caiu, resultando em gr\u00e3os com tegumento enrugado, tamanho reduzido e colora\u00e7\u00e3o p\u00e1lida. Al\u00e9m disso, a umidade extremamente baixa dos gr\u00e3os tem dificultado a colheita, exigindo cuidados adicionais para evitar perdas. O rendimento m\u00e9dio ficou em 1.900 kg\/ha.&#13;\n<\/p>\n<p style=\"text-align:justify\">J\u00e1 na regi\u00e3o de Pelotas, o ciclo produtivo ainda est\u00e1 em andamento. Atualmente, 8% das lavouras est\u00e3o em desenvolvimento vegetativo, 10% em flora\u00e7\u00e3o, 20% no enchimento de gr\u00e3os, 19% em matura\u00e7\u00e3o e 43% j\u00e1 foram colhidos. A produtividade varia entre 1.200 e 1.500 kg\/ha, com algumas \u00e1reas alcan\u00e7ando 1.800 kg\/ha.<\/p>\n<p style=\"text-align:justify\">Em Santa Maria, as lavouras semeadas mais cedo (70% da \u00e1rea) tiveram bons resultados, enquanto as demais foram fortemente impactadas pela estiagem, comprometendo a produ\u00e7\u00e3o.<\/p>\n<p style=\"text-align:justify\">Na regi\u00e3o de Soledade, onde a colheita j\u00e1 foi conclu\u00edda, a produtividade m\u00e9dia ficou em 1.500 kg\/ha, e a qualidade do produto foi considerada satisfat\u00f3ria.<\/p>\n<p style=\"text-align:justify\">Nos Campos de Cima da Serra, onde a semeadura ocorre mais tarde (final de dezembro e in\u00edcio de janeiro), as lavouras est\u00e3o em fase de desenvolvimento vegetativo e flora\u00e7\u00e3o. A sanidade das plantas \u00e9 adequada, e os produtores realizam pulveriza\u00e7\u00f5es para o controle de pragas e doen\u00e7as.&#13;\n<\/p>\n<\/p><\/div>\n<p><script data-cfasync=\"false\">\n    !function (f, b, e, v, n, t, s) {\n        if (f.fbq) return; n = f.fbq = function () {\n            n.callMethod ?\n                n.callMethod.apply(n, arguments) : n.queue.push(arguments)\n        };\n        if (!f._fbq) f._fbq = n; n.push = n; n.loaded = !0; n.version = '2.0';\n        n.queue = []; t = b.createElement(e); t.async = !0;\n        t.src = v; s = b.getElementsByTagName(e)[0];\n        s.parentNode.insertBefore(t, s)\n    }(window, document, 'script',\n        'https:\/\/connect.facebook.net\/en_US\/fbevents.js');\n    fbq('init', '522546078623747');\n    fbq('track', 'PageView');\n<\/script><br \/>\n<br \/><br \/>\n<br \/><a href=\"https:\/\/www.agrolink.com.br\/noticias\/colheita-do-feijao-avanca--mas-estiagem-afeta-qualidade_499192.html\">Source link <\/a><\/p>\n","protected":false},"excerpt":{"rendered":"<p>Segundo o Informativo Conjuntural da Emater\/RS-Ascar, divulgado na \u00faltima quinta-feira (6), a\u00a0colheita da primeira safra de feij\u00e3o no Rio Grande<\/p>\n","protected":false},"author":1,"featured_media":3446,"comment_status":"open","ping_status":"open","sticky":false,"template":"","format":"standard","meta":{"_monsterinsights_skip_tracking":false,"_monsterinsights_sitenote_active":false,"_monsterinsights_sitenote_note":"","_monsterinsights_sitenote_category":0,"_uf_show_specific_survey":0,"_uf_disable_surveys":false,"footnotes":""},"categories":[8,1,14],"tags":[],"class_list":["post-9440","post","type-post","status-publish","format-standard","has-post-thumbnail","hentry","category-agro","category-news","category-politica-agro"],"_links":{"self":[{"href":"https:\/\/agromt.news\/index.php?rest_route=\/wp\/v2\/posts\/9440"}],"collection":[{"href":"https:\/\/agromt.news\/index.php?rest_route=\/wp\/v2\/posts"}],"about":[{"href":"https:\/\/agromt.news\/index.php?rest_route=\/wp\/v2\/types\/post"}],"author":[{"embeddable":true,"href":"https:\/\/agromt.news\/index.php?rest_route=\/wp\/v2\/users\/1"}],"replies":[{"embeddable":true,"href":"https:\/\/agromt.news\/index.php?rest_route=%2Fwp%2Fv2%2Fcomments&post=9440"}],"version-history":[{"count":0,"href":"https:\/\/agromt.news\/index.php?rest_route=\/wp\/v2\/posts\/9440\/revisions"}],"wp:featuredmedia":[{"embeddable":true,"href":"https:\/\/agromt.news\/index.php?rest_route=\/wp\/v2\/media\/3446"}],"wp:attachment":[{"href":"https:\/\/agromt.news\/index.php?rest_route=%2Fwp%2Fv2%2Fmedia&parent=9440"}],"wp:term":[{"taxonomy":"category","embeddable":true,"href":"https:\/\/agromt.news\/index.php?rest_route=%2Fwp%2Fv2%2Fcategories&post=9440"},{"taxonomy":"post_tag","embeddable":true,"href":"https:\/\/agromt.news\/index.php?rest_route=%2Fwp%2Fv2%2Ftags&post=9440"}],"curies":[{"name":"wp","href":"https:\/\/api.w.org\/{rel}","templated":true}]}}