{"id":9409,"date":"2025-02-11T09:00:54","date_gmt":"2025-02-11T13:00:54","guid":{"rendered":"https:\/\/agromt.news\/?p=9409"},"modified":"2025-02-11T09:00:54","modified_gmt":"2025-02-11T13:00:54","slug":"safra-2024-25-e-revisada-e-deve-alcancar-22852-milhoes-de-caixas","status":"publish","type":"post","link":"https:\/\/agromt.news\/?p=9409","title":{"rendered":"safra 2024\/25 \u00e9 revisada e deve alcan\u00e7ar 228,52 milh\u00f5es de caixas"},"content":{"rendered":"<p> <br \/>\n<br \/><img decoding=\"async\" src=\"https:\/\/agromt.news\/wp-content\/uploads\/2025\/02\/safra-202425-e-revisada-e-deve-alcancar-22852-milhoes-de.jpeg\" \/><\/p>\n<div>\n<p>A terceira reavalia\u00e7\u00e3o da safra de laranja 2024\/25 do cintur\u00e3o citr\u00edcola de S\u00e3o Paulo e Tri\u00e2ngulo\/Sudoeste Mineiro prev\u00ea produ\u00e7\u00e3o de 228,52 milh\u00f5es de <strong><a href=\"https:\/\/www.canalrural.com.br\/tag\/laranja\/\">caixas de laranja<\/a><\/strong> de 40,8 kg, 2,4% maior do que o volume estimado anteriormente (223,14 milh\u00f5es de caixas), em dezembro.<\/p>\n<p>Apesar do crescimento, o volume ainda \u00e9 1,7% menor do que a proje\u00e7\u00e3o inicial, de 232,38 milh\u00f5es, prevista em maio, informa o <strong><a href=\"https:\/\/www.canalrural.com.br\/tag\/fundecitrus\/\">Fundo de Defesa da Citricultura (Fundecitrus)<\/a><\/strong>. A Pesquisa de Estimativa de Safra (PES) \u00e9 realizada pelo Fundecitrus em parceria com o Departamento de Ci\u00eancias Exatas, FCAV\/Unesp Campus Jaboticabal.<\/p>\n<blockquote class=\"wp-block-quote is-layout-flow wp-block-quote-is-layout-flow\">\n<p>\u201cAs chuvas dos \u00faltimos dois meses foram bem distribu\u00eddas em todas as regi\u00f5es, superando as previs\u00f5es e mesmo a m\u00e9dia hist\u00f3rica em dezembro, o que contribuiu diretamente para o aumento do tamanho dos frutos da quarta florada, principalmente das variedades p\u00eara e natal\u201d, segundo as entidades.<\/p>\n<\/blockquote>\n<p>Para compor uma caixa de 40,8 kg s\u00e3o necess\u00e1rios 258 frutos, indicando tr\u00eas frutos a menos em compara\u00e7\u00e3o com a rec\u00e1lculo feito em dezembro.<\/p>\n<\/div>\n<div>\n<p>Desta forma, o peso m\u00e9dio das laranjas de primeira, segunda e terceira floradas permanece projetado em 161 gramas, enquanto os frutos da quarta florada registraram um aumento de 20 gramas em rela\u00e7\u00e3o \u00e0 reestimativa de dezembro, atingindo 146 gramas.<\/p>\n<p>Como a maior parte da produ\u00e7\u00e3o que ainda ser\u00e1 colhida \u00e9 proveniente da quarta florada, cuja emiss\u00e3o ocorreu tardiamente, os frutos dever\u00e3o ser colhidos com 158 gramas na m\u00e9dia geral, 2 gramas a mais do que o previsto anteriormente.<\/p>\n<p>Outro fator que influenciou o aumento da safra em rela\u00e7\u00e3o \u00e0 revis\u00e3o anterior foi a redu\u00e7\u00e3o da taxa de queda das variedades val\u00eancia, folha murcha e natal de 19% na reestimativa de dezembro para 18% nesta atual proje\u00e7\u00e3o.<\/p>\n<p>\u201cA diminui\u00e7\u00e3o da taxa de queda est\u00e1 relacionada \u00e0 colheita antecipada dos frutos das duas primeiras floradas e \u00e0 menor quantidade de frutos nas \u00e1rvores em rela\u00e7\u00e3o \u00e0s safras passadas neste per\u00edodo da temporada\u201d, explicou o Fundecitrus.<\/p>\n<p>Estima-se que, at\u00e9 meados de janeiro, cerca de 89% da produ\u00e7\u00e3o foi colhida. As laranjas das variedades precoces j\u00e1 foram extra\u00eddas, enquanto ainda restam 15% da produ\u00e7\u00e3o da variedade p\u00eara rio, 16% das variedades val\u00eancia e folha murcha e 10% da variedade natal para serem colhidas at\u00e9 o fim da safra.<\/p>\n<\/p><\/div>\n<p><br \/>\n<br \/><a href=\"https:\/\/www.canalrural.com.br\/agricultura\/laranja-safra-2024-25-e-revisada-e-deve-alcancar-22852-milhoes-de-caixas\/\">Source link <\/a><\/p>\n","protected":false},"excerpt":{"rendered":"<p>A terceira reavalia\u00e7\u00e3o da safra de laranja 2024\/25 do cintur\u00e3o citr\u00edcola de S\u00e3o Paulo e Tri\u00e2ngulo\/Sudoeste Mineiro prev\u00ea produ\u00e7\u00e3o de<\/p>\n","protected":false},"author":1,"featured_media":9410,"comment_status":"open","ping_status":"open","sticky":false,"template":"","format":"standard","meta":{"_monsterinsights_skip_tracking":false,"_monsterinsights_sitenote_active":false,"_monsterinsights_sitenote_note":"","_monsterinsights_sitenote_category":0,"_uf_show_specific_survey":0,"_uf_disable_surveys":false,"footnotes":""},"categories":[1],"tags":[],"class_list":["post-9409","post","type-post","status-publish","format-standard","has-post-thumbnail","hentry","category-news"],"_links":{"self":[{"href":"https:\/\/agromt.news\/index.php?rest_route=\/wp\/v2\/posts\/9409"}],"collection":[{"href":"https:\/\/agromt.news\/index.php?rest_route=\/wp\/v2\/posts"}],"about":[{"href":"https:\/\/agromt.news\/index.php?rest_route=\/wp\/v2\/types\/post"}],"author":[{"embeddable":true,"href":"https:\/\/agromt.news\/index.php?rest_route=\/wp\/v2\/users\/1"}],"replies":[{"embeddable":true,"href":"https:\/\/agromt.news\/index.php?rest_route=%2Fwp%2Fv2%2Fcomments&post=9409"}],"version-history":[{"count":0,"href":"https:\/\/agromt.news\/index.php?rest_route=\/wp\/v2\/posts\/9409\/revisions"}],"wp:featuredmedia":[{"embeddable":true,"href":"https:\/\/agromt.news\/index.php?rest_route=\/wp\/v2\/media\/9410"}],"wp:attachment":[{"href":"https:\/\/agromt.news\/index.php?rest_route=%2Fwp%2Fv2%2Fmedia&parent=9409"}],"wp:term":[{"taxonomy":"category","embeddable":true,"href":"https:\/\/agromt.news\/index.php?rest_route=%2Fwp%2Fv2%2Fcategories&post=9409"},{"taxonomy":"post_tag","embeddable":true,"href":"https:\/\/agromt.news\/index.php?rest_route=%2Fwp%2Fv2%2Ftags&post=9409"}],"curies":[{"name":"wp","href":"https:\/\/api.w.org\/{rel}","templated":true}]}}