{"id":9407,"date":"2025-02-11T08:39:39","date_gmt":"2025-02-11T12:39:39","guid":{"rendered":"https:\/\/agromt.news\/?p=9407"},"modified":"2025-02-11T08:39:39","modified_gmt":"2025-02-11T12:39:39","slug":"exposicao-em-brasilia-apresenta-maquinas-e-equipamentos-agricolas-a-prefeitos","status":"publish","type":"post","link":"https:\/\/agromt.news\/?p=9407","title":{"rendered":"Exposi\u00e7\u00e3o em Bras\u00edlia apresenta m\u00e1quinas e equipamentos agr\u00edcolas a prefeitos"},"content":{"rendered":"<p> <br \/>\n<\/p>\n<div>\n<p>O <strong><a href=\"https:\/\/www.canalrural.com.br\/tag\/mapa\/\">Minist\u00e9rio da Agricultura e Pecu\u00e1ria (Mapa) <\/a><\/strong>promove, at\u00e9 12 de fevereiro, uma exposi\u00e7\u00e3o de m\u00e1quinas e equipamentos agr\u00edcolas dispon\u00edveis nas Atas de Registro de Pre\u00e7os do \u00f3rg\u00e3o. A iniciativa integra a programa\u00e7\u00e3o do Encontro de Novos Prefeitos e Prefeitas, realizado pelo governo federal.<\/p>\n<p>A exposi\u00e7\u00e3o, no estacionamento externo do Mapa, re\u00fane tratores, retroescavadeiras, escavadeiras hidr\u00e1ulicas, p\u00e1s carregadeiras e caminh\u00f5es. T\u00e9cnicos especializados est\u00e3o no local para esclarecer d\u00favidas e orientar os gestores municipais sobre a aplica\u00e7\u00e3o dos equipamentos, com foco na mecaniza\u00e7\u00e3o agr\u00edcola e na recupera\u00e7\u00e3o de estradas vicinais, essenciais para o desenvolvimento do setor agropecu\u00e1rio.<\/p>\n<p>As Atas de Registro de Pre\u00e7os, reguladas pela Lei n\u00ba 14.133\/21, permitem agilizar processos licitat\u00f3rios e facilitar parcerias entre o Mapa e os munic\u00edpios. Durante o evento, prefeitos podem conhecer detalhes sobre o funcionamento dos maquin\u00e1rios e avaliar sua aplicabilidade conforme as necessidades locais.<\/p>\n<\/div>\n<div>\n<h2 class=\"wp-block-heading\" id=\"h-apoio-a-municipios-afetados-pelas-chuvas\">Apoio a munic\u00edpios afetados pelas chuvas<\/h2>\n<p>No dia 10, o ministro da Agricultura e Pecu\u00e1ria, Carlos F\u00e1varo, recebeu uma comitiva de prefeitos do Mato Grosso, estado que enfrenta desafios na recupera\u00e7\u00e3o de estradas vicinais e pontes ap\u00f3s fortes chuvas.<\/p>\n<figure class=\"wp-block-image size-full\"><img fetchpriority=\"high\" decoding=\"async\" width=\"760\" height=\"453\" alt=\"EXPOSI\u00c7\u00c3O DE M\u00c1QUINAS AGR\u00cdCOLAS EM BRAS\u00cdLIA \" class=\"wp-image-4087055\"  data-lazy- src=\"https:\/\/agromt.news\/wp-content\/uploads\/2025\/02\/Exposicao-em-Brasilia-apresenta-maquinas-e-equipamentos-agricolas-a-prefeitos.jpeg\"\/><img decoding=\"async\" width=\"760\" height=\"453\" src=\"https:\/\/agromt.news\/wp-content\/uploads\/2025\/02\/Exposicao-em-Brasilia-apresenta-maquinas-e-equipamentos-agricolas-a-prefeitos.jpeg\" alt=\"EXPOSI\u00c7\u00c3O DE M\u00c1QUINAS AGR\u00cdCOLAS EM BRAS\u00cdLIA \" class=\"wp-image-4087055\"  \/><figcaption class=\"wp-element-caption\">Comitiva de prefeitos e prefeitas do Mato Grosso e o ministro F\u00e1varo durante a exposi\u00e7\u00e3o<\/figcaption><\/figure>\n<p>O Mapa j\u00e1 executou cerca de 1.500 quil\u00f4metros de recupera\u00e7\u00e3o de estradas no estado e investiu aproximadamente R$ 15 milh\u00f5es em m\u00e1quinas e equipamentos para atender os munic\u00edpios. O ministro destacou a efici\u00eancia dos programas do Mapa, que disponibilizam maquin\u00e1rio de alta qualidade e assist\u00eancia t\u00e9cnica, garantindo maior agilidade na recupera\u00e7\u00e3o da infraestrutura rural.<\/p>\n<h2 class=\"wp-block-heading\" id=\"h-encontro-de-novos-prefeitos-e-prefeitas\">Encontro de Novos Prefeitos e Prefeitas<\/h2>\n<p>Realizado entre 11 e 13 de fevereiro, em Bras\u00edlia (DF), o Encontro de Novos Prefeitos e Prefeitas busca fortalecer o pacto federativo e ampliar a participa\u00e7\u00e3o dos munic\u00edpios em programas do governo federal.<\/p>\n<p>O evento \u00e9 promovido pela Presid\u00eancia da Rep\u00fablica, com coordena\u00e7\u00e3o da Secretaria de Rela\u00e7\u00f5es Institucionais e apoio da Associa\u00e7\u00e3o Brasileira de Munic\u00edpios (ABM), da Confedera\u00e7\u00e3o Nacional de Munic\u00edpios (CNM) e da Frente Nacional de Prefeitos (FNP).<\/p>\n<\/p><\/div>\n<p><br \/>\n<br \/><a href=\"https:\/\/www.canalrural.com.br\/agricultura\/agronegocio\/exposicao-em-brasilia-apresenta-maquinas-e-equipamentos-agricolas-a-prefeitos\/\">Source link <\/a><\/p>\n","protected":false},"excerpt":{"rendered":"<p>O Minist\u00e9rio da Agricultura e Pecu\u00e1ria (Mapa) promove, at\u00e9 12 de fevereiro, uma exposi\u00e7\u00e3o de m\u00e1quinas e equipamentos agr\u00edcolas dispon\u00edveis<\/p>\n","protected":false},"author":1,"featured_media":9408,"comment_status":"open","ping_status":"open","sticky":false,"template":"","format":"standard","meta":{"_monsterinsights_skip_tracking":false,"_monsterinsights_sitenote_active":false,"_monsterinsights_sitenote_note":"","_monsterinsights_sitenote_category":0,"_uf_show_specific_survey":0,"_uf_disable_surveys":false,"footnotes":""},"categories":[1],"tags":[],"class_list":["post-9407","post","type-post","status-publish","format-standard","has-post-thumbnail","hentry","category-news"],"_links":{"self":[{"href":"https:\/\/agromt.news\/index.php?rest_route=\/wp\/v2\/posts\/9407"}],"collection":[{"href":"https:\/\/agromt.news\/index.php?rest_route=\/wp\/v2\/posts"}],"about":[{"href":"https:\/\/agromt.news\/index.php?rest_route=\/wp\/v2\/types\/post"}],"author":[{"embeddable":true,"href":"https:\/\/agromt.news\/index.php?rest_route=\/wp\/v2\/users\/1"}],"replies":[{"embeddable":true,"href":"https:\/\/agromt.news\/index.php?rest_route=%2Fwp%2Fv2%2Fcomments&post=9407"}],"version-history":[{"count":0,"href":"https:\/\/agromt.news\/index.php?rest_route=\/wp\/v2\/posts\/9407\/revisions"}],"wp:featuredmedia":[{"embeddable":true,"href":"https:\/\/agromt.news\/index.php?rest_route=\/wp\/v2\/media\/9408"}],"wp:attachment":[{"href":"https:\/\/agromt.news\/index.php?rest_route=%2Fwp%2Fv2%2Fmedia&parent=9407"}],"wp:term":[{"taxonomy":"category","embeddable":true,"href":"https:\/\/agromt.news\/index.php?rest_route=%2Fwp%2Fv2%2Fcategories&post=9407"},{"taxonomy":"post_tag","embeddable":true,"href":"https:\/\/agromt.news\/index.php?rest_route=%2Fwp%2Fv2%2Ftags&post=9407"}],"curies":[{"name":"wp","href":"https:\/\/api.w.org\/{rel}","templated":true}]}}