{"id":9402,"date":"2025-02-11T04:16:05","date_gmt":"2025-02-11T08:16:05","guid":{"rendered":"https:\/\/agromt.news\/?p=9402"},"modified":"2025-02-11T04:16:05","modified_gmt":"2025-02-11T08:16:05","slug":"dia-sera-marcado-por-temporal-no-sul-motivado-por-frente-fria","status":"publish","type":"post","link":"https:\/\/agromt.news\/?p=9402","title":{"rendered":"Dia ser\u00e1 marcado por temporal no Sul motivado por frente fria"},"content":{"rendered":"<p> <br \/>\n<br \/><img decoding=\"async\" src=\"https:\/\/agromt.news\/wp-content\/uploads\/2025\/02\/Dia-sera-marcado-por-temporais-e-muito-calor-confira-a.jpg\" \/><\/p>\n<div>\n<p>A estiagem que afetava parte da Regi\u00e3o Sul, especialmente o territ\u00f3rio ga\u00facho, vai sair de cena, pelo menos durante o dia de hoje. Confira a previs\u00e3o para todo o pa\u00eds:<\/p>\n<h2 class=\"wp-block-heading\" id=\"h-sul\">Sul<\/h2>\n<p>A aproxima\u00e7\u00e3o de uma nova frente fria pelo <strong><a href=\"https:\/\/www.canalrural.com.br\/nacional\/rio-grande-do-sul\/\">Rio Grande do Sul<\/a><\/strong> provoca pancadas de chuva na campanha, sul e leste do estado, que podem vir na forma de temporal. No <strong><a href=\"https:\/\/www.canalrural.com.br\/nacional\/parana\/\">Paran\u00e1<\/a><\/strong>, pancadas isoladas, assim como no sul e norte catarinense. No interior ga\u00facho e oeste catarinense, predom\u00ednio de tempo firme. A onda de calor vai seguir atuando, mantendo as temperaturas elevadas nos tr\u00eas estados do Sul.<\/p>\n<h2 class=\"wp-block-heading\" id=\"h-sudeste\">Sudeste<\/h2>\n<p>Dia de sol entre algumas varia\u00e7\u00f5es de nebulosidade sobre a Regi\u00e3o. A partir da tarde, a combina\u00e7\u00e3o de calor e umidade favorece para pancadas isoladas com raios, mas que podem ser fortes pelo interior de S\u00e3o Paulo e no sul e Tri\u00e2ngulo mineiros. No Esp\u00edrito Santo, chuva isolada na metade norte do estado, enquanto no Rio de Janeiro e centro-norte de Minas Gerais o predom\u00ednio \u00e9 de tempo firme.<\/p>\n<\/div>\n<div>\n<h2 class=\"wp-block-heading\" id=\"h-centro-oeste\">Centro-Oeste<\/h2>\n<p>O tempo segue inst\u00e1vel e com pancadas de chuva, especialmente a partir da tarde em grande parte da Regi\u00e3o. Na metade norte de Mato Grosso, o dia fica mais nublado e pode chover a qualquer hora com alguns temporais. Em Mato Grosso do Sul e no sul e oeste de Goi\u00e1s, chove forte com raios, enquanto no Distrito Federal as pancadas s\u00e3o mais irregulares e com menor intensidade. As temperaturas permanecem elevadas e o tempo fica abafado na Regi\u00e3o.<\/p>\n<h2 class=\"wp-block-heading\" id=\"h-nordeste\">Nordeste<\/h2>\n<p>Na costa norte do Nordeste, a Zona de Converg\u00eancia Intertropical (ZCIT) estimula a forma\u00e7\u00e3o de nuvens carregadas e pancadas de chuva que podem ser fortes desde o Rio Grande do Norte at\u00e9 o Maranh\u00e3o. Por outro lado, na costa leste, a infiltra\u00e7\u00e3o mar\u00edtima favorece para chuva isolada. No interior da Bahia e no sert\u00e3o nordestino, predom\u00ednio de sol e calor.<\/p>\n<h2 class=\"wp-block-heading\" id=\"h-norte\">Norte<\/h2>\n<p>Previs\u00e3o de pancadas de chuva a qualquer momento em toda a Regi\u00e3o, com chance para temporais no Acre, Amazonas, Par\u00e1 e oeste do Tocantins. No Amap\u00e1, a Zona de Converg\u00eancia Intertropical favorece chuva forte e condi\u00e7\u00e3o para temporal.<\/p>\n<\/p><\/div>\n<p><br \/>\n<br \/><a href=\"https:\/\/www.canalrural.com.br\/tempo\/dia-sera-marcado-por-temporal-no-sul-motivado-por-frente-fria\/\">Source link <\/a><\/p>\n","protected":false},"excerpt":{"rendered":"<p>A estiagem que afetava parte da Regi\u00e3o Sul, especialmente o territ\u00f3rio ga\u00facho, vai sair de cena, pelo menos durante o<\/p>\n","protected":false},"author":1,"featured_media":9283,"comment_status":"open","ping_status":"open","sticky":false,"template":"","format":"standard","meta":{"_monsterinsights_skip_tracking":false,"_monsterinsights_sitenote_active":false,"_monsterinsights_sitenote_note":"","_monsterinsights_sitenote_category":0,"_uf_show_specific_survey":0,"_uf_disable_surveys":false,"footnotes":""},"categories":[1],"tags":[],"class_list":["post-9402","post","type-post","status-publish","format-standard","has-post-thumbnail","hentry","category-news"],"_links":{"self":[{"href":"https:\/\/agromt.news\/index.php?rest_route=\/wp\/v2\/posts\/9402"}],"collection":[{"href":"https:\/\/agromt.news\/index.php?rest_route=\/wp\/v2\/posts"}],"about":[{"href":"https:\/\/agromt.news\/index.php?rest_route=\/wp\/v2\/types\/post"}],"author":[{"embeddable":true,"href":"https:\/\/agromt.news\/index.php?rest_route=\/wp\/v2\/users\/1"}],"replies":[{"embeddable":true,"href":"https:\/\/agromt.news\/index.php?rest_route=%2Fwp%2Fv2%2Fcomments&post=9402"}],"version-history":[{"count":0,"href":"https:\/\/agromt.news\/index.php?rest_route=\/wp\/v2\/posts\/9402\/revisions"}],"wp:featuredmedia":[{"embeddable":true,"href":"https:\/\/agromt.news\/index.php?rest_route=\/wp\/v2\/media\/9283"}],"wp:attachment":[{"href":"https:\/\/agromt.news\/index.php?rest_route=%2Fwp%2Fv2%2Fmedia&parent=9402"}],"wp:term":[{"taxonomy":"category","embeddable":true,"href":"https:\/\/agromt.news\/index.php?rest_route=%2Fwp%2Fv2%2Fcategories&post=9402"},{"taxonomy":"post_tag","embeddable":true,"href":"https:\/\/agromt.news\/index.php?rest_route=%2Fwp%2Fv2%2Ftags&post=9402"}],"curies":[{"name":"wp","href":"https:\/\/api.w.org\/{rel}","templated":true}]}}