{"id":9401,"date":"2025-02-11T03:38:19","date_gmt":"2025-02-11T07:38:19","guid":{"rendered":"https:\/\/agromt.news\/?p=9401"},"modified":"2025-02-11T03:38:19","modified_gmt":"2025-02-11T07:38:19","slug":"trump-eleva-tarifas-de-importacao-de-aco-e-aluminio-para-25-brasil-nao-saira-machucado-diz-entidade","status":"publish","type":"post","link":"https:\/\/agromt.news\/?p=9401","title":{"rendered":"Trump eleva tarifas de importa\u00e7\u00e3o de a\u00e7o e alum\u00ednio para 25%; Brasil n\u00e3o sair\u00e1 &#8216;machucado&#8217;, diz entidade"},"content":{"rendered":"<p> <br \/>\n<\/p>\n<div>\n<p>O presidente dos Estados Unidos, <strong><a href=\"https:\/\/www.canalrural.com.br\/tag\/trump\/\">Donald Trump<\/a><\/strong>, anunciou nesta segunda-feira (10) uma sobretaxa de 25% sobre o a\u00e7o e alum\u00ednio de todos os pa\u00edses que exportam ao pa\u00eds em rela\u00e7\u00e3o aos 10% que havia imposto em 2018, em seu primeiro governo.  <\/p>\n<p>O mandat\u00e1rio da Casa Branca j\u00e1 havia sinalizado, durante a campanha, que lan\u00e7aria m\u00e3o de tais expedientes contra os pa\u00edses que, em suas palavras, querem prejudicar os Estados Unidos.<\/p>\n<p>O Brasil \u00e9 a segunda na\u00e7\u00e3o que mais vende tais commodities minerais aos norte-americanos. Em 2024, recorde hist\u00f3rico das vendas nacionais, foram computados mais de US$ 6 bilh\u00f5es em comercializa\u00e7\u00e3o ao pa\u00eds, conforme dados da Secretaria de Com\u00e9rcio Exterior (Secex). <\/p>\n<p>Ao todo, o pa\u00eds da Am\u00e9rica do Norte compra 48% do ferro e do a\u00e7o exportados pelo Brasil.<\/p>\n<h2 class=\"wp-block-heading\" id=\"h-pe-de-igualdade-no-aco-e-no-aluminio\">\u2018P\u00e9 de igualdade\u2019 no a\u00e7o e no alum\u00ednio<\/h2>\n<figure class=\"wp-block-image size-large\"><img fetchpriority=\"high\" decoding=\"async\" width=\"1024\" height=\"639\" alt=\"tubo de a\u00e7o\" class=\"wp-image-4087048\"  data-lazy- src=\"https:\/\/agromt.news\/wp-content\/uploads\/2025\/02\/Trump-eleva-tarifas-de-importacao-de-aco-e-aluminio-para.jpg\"\/><img decoding=\"async\" width=\"1024\" height=\"639\" src=\"https:\/\/agromt.news\/wp-content\/uploads\/2025\/02\/Trump-eleva-tarifas-de-importacao-de-aco-e-aluminio-para.jpg\" alt=\"tubo de a\u00e7o\" class=\"wp-image-4087048\"  \/><figcaption class=\"wp-element-caption\">Foto: Pixabay<\/figcaption><\/figure>\n<p>Para a Federa\u00e7\u00e3o das Ind\u00fastrias do Estado de Minas Gerais (FIEMG), a sobretaxa anunciada trar\u00e1 impactos negativos, considerando que as exporta\u00e7\u00f5es desses produtos para o mercado norte-americano s\u00e3o expressivas para a economia brasileira.<\/p>\n<p>A entidade pondera, por outro lado, que, por se tratar de uma taxa\u00e7\u00e3o aplicada a todas as economias e n\u00e3o exclusivamente ao Brasil, o cen\u00e1rio colocaria os pa\u00edses em condi\u00e7\u00f5es de concorr\u00eancia mais equilibradas.<\/p>\n<\/div>\n<div>\n<p>O presidente da Federa\u00e7\u00e3o, Fl\u00e1vio Roscoe, afirma que a expectativa \u00e9 de que o Brasil n\u00e3o seja prejudicado de forma significativa nas sobretaxas sobre o alum\u00ednio e o a\u00e7o.<\/p>\n<p>\u201cAssim como ocorreu no primeiro mandato de Donald Trump, entendemos que, mesmo com a ado\u00e7\u00e3o de san\u00e7\u00f5es, o Brasil poder\u00e1 obter algumas concess\u00f5es. Grande parte das nossas exporta\u00e7\u00f5es s\u00e3o de produtos semi-elaborados, que passam por processos de industrializa\u00e7\u00e3o em empresas norte-americanas, muitas delas coligadas a companhias brasileiras. Isso pode ser um fator favor\u00e1vel para que o Brasil n\u00e3o saia machucado dessa situa\u00e7\u00e3o\u201d, afirma. <\/p>\n<h2 class=\"wp-block-heading\" id=\"h-principio-da-reciprocidade\">Princ\u00edpio da reciprocidade<\/h2>\n<p>Em entrevista a r\u00e1dios mineiras na \u00faltima quarta-feira (5), o presidente Luiz In\u00e1cio Lula da Silva havia afirmado que, em uma eventual taxa\u00e7\u00e3o do governo dos Estados Unidos a produtos brasileiros, aplicaria o princ\u00edpio da reciprocidade.<\/p>\n<p>Lula lembrou que a Organiza\u00e7\u00e3o Mundial do Com\u00e9rcio (OMC) permite a taxa\u00e7\u00e3o de at\u00e9 35% para qualquer produto importado. \u201cPara n\u00f3s, o que seria importante seria os Estados Unidos baixarem a taxa, e n\u00f3s baixarmos a taxa\u00e7\u00e3o. Mas se ele, ou qualquer pa\u00eds, aumentar a taxa de imposto para o Brasil, n\u00f3s iremos utilizar a reciprocidade, n\u00f3s iremos taxar eles tamb\u00e9m\u201d, disse.<\/p>\n<p>Tal situa\u00e7\u00e3o, para o presidente, \u00e9 simples e democr\u00e1tica e n\u00e3o envolve quest\u00f5es ideol\u00f3gicas.<\/p>\n<p>Contudo, seguindo a linha do presidente, a ordem no governo brasileiro \u00e9 a de usar o \u201cpragmatismo e a serenidade\u201d para dar uma resposta. O Itamaraty n\u00e3o quer aumentar a crise, mas tamb\u00e9m j\u00e1 sinalizou que n\u00e3o vai se silenciar.<\/p>\n<p>O <strong><a href=\"https:\/\/www.uol.com.br\/\">portal UOL<\/a><\/strong> revelou no s\u00e1bado (8) que uma lista de produtos e setores come\u00e7ou a ser desenhada para uma eventual retalia\u00e7\u00e3o. Neste rol, um dos segmentos aventados seria o de produtos digitais.<\/p>\n<\/p><\/div>\n<p><br \/>\n<br \/><a href=\"https:\/\/www.canalrural.com.br\/economia\/trump-eleva-tarifas-de-importacao-de-aco-e-aluminio-para-25-brasil-nao-saira-machucado-diz-entidade\/\">Source link <\/a><\/p>\n","protected":false},"excerpt":{"rendered":"<p>O presidente dos Estados Unidos, Donald Trump, anunciou nesta segunda-feira (10) uma sobretaxa de 25% sobre o a\u00e7o e alum\u00ednio<\/p>\n","protected":false},"author":1,"featured_media":5900,"comment_status":"open","ping_status":"open","sticky":false,"template":"","format":"standard","meta":{"_monsterinsights_skip_tracking":false,"_monsterinsights_sitenote_active":false,"_monsterinsights_sitenote_note":"","_monsterinsights_sitenote_category":0,"_uf_show_specific_survey":0,"_uf_disable_surveys":false,"footnotes":""},"categories":[1],"tags":[],"class_list":["post-9401","post","type-post","status-publish","format-standard","has-post-thumbnail","hentry","category-news"],"_links":{"self":[{"href":"https:\/\/agromt.news\/index.php?rest_route=\/wp\/v2\/posts\/9401"}],"collection":[{"href":"https:\/\/agromt.news\/index.php?rest_route=\/wp\/v2\/posts"}],"about":[{"href":"https:\/\/agromt.news\/index.php?rest_route=\/wp\/v2\/types\/post"}],"author":[{"embeddable":true,"href":"https:\/\/agromt.news\/index.php?rest_route=\/wp\/v2\/users\/1"}],"replies":[{"embeddable":true,"href":"https:\/\/agromt.news\/index.php?rest_route=%2Fwp%2Fv2%2Fcomments&post=9401"}],"version-history":[{"count":0,"href":"https:\/\/agromt.news\/index.php?rest_route=\/wp\/v2\/posts\/9401\/revisions"}],"wp:featuredmedia":[{"embeddable":true,"href":"https:\/\/agromt.news\/index.php?rest_route=\/wp\/v2\/media\/5900"}],"wp:attachment":[{"href":"https:\/\/agromt.news\/index.php?rest_route=%2Fwp%2Fv2%2Fmedia&parent=9401"}],"wp:term":[{"taxonomy":"category","embeddable":true,"href":"https:\/\/agromt.news\/index.php?rest_route=%2Fwp%2Fv2%2Fcategories&post=9401"},{"taxonomy":"post_tag","embeddable":true,"href":"https:\/\/agromt.news\/index.php?rest_route=%2Fwp%2Fv2%2Ftags&post=9401"}],"curies":[{"name":"wp","href":"https:\/\/api.w.org\/{rel}","templated":true}]}}