{"id":9393,"date":"2025-02-10T22:29:10","date_gmt":"2025-02-11T02:29:10","guid":{"rendered":"https:\/\/agromt.news\/?p=9393"},"modified":"2025-02-10T22:29:10","modified_gmt":"2025-02-11T02:29:10","slug":"pouca-movimentacao-no-mercado-da-soja-confira-as-cotacoes-no-brasil","status":"publish","type":"post","link":"https:\/\/agromt.news\/?p=9393","title":{"rendered":"Pouca movimenta\u00e7\u00e3o no mercado da soja; confira as cota\u00e7\u00f5es no Brasil"},"content":{"rendered":"<p> <br \/>\n<br \/><img decoding=\"async\" src=\"https:\/\/agromt.news\/wp-content\/uploads\/2025\/02\/Pouca-movimentacao-no-mercado-da-soja-confira-as-cotacoes-no.jpg\" \/><\/p>\n<div>\n<p>O <a href=\"https:\/\/www.canalrural.com.br\/agricultura\/projeto-soja-brasil\/\">mercado <\/a>brasileiro de soja teve um dia de movimenta\u00e7\u00e3o fraca nesta segunda-feira, com poucas negocia\u00e7\u00f5es e apenas lotes pontuais sendo comercializados. Os pre\u00e7os apresentaram varia\u00e7\u00f5es mistas. A ind\u00fastria segue apontando pre\u00e7os atrativos para o curto prazo, mas os produtores ainda mant\u00eam suas pedidas altas. Para pagamentos alongados, h\u00e1 mais ofertas dispon\u00edveis no mercado.<\/p>\n<h2 class=\"wp-block-heading\" id=\"h-precos-da-soja\">Pre\u00e7os da soja <\/h2>\n<ul class=\"wp-block-list\">\n<li><strong>Passo Fundo (RS):<\/strong> Aumento de R$ 132,00 para R$ 133,00<\/li>\n<li><strong>Regi\u00e3o das Miss\u00f5es (RS):<\/strong> Aumento de R$ 133,00 para R$ 134,00<\/li>\n<li><strong>Porto de Rio Grande (RS):<\/strong> Estabilizou em R$ 132,00 <\/li>\n<li><strong>Cascavel (PR):<\/strong> Sem altera\u00e7\u00e3o, permaneceu em R$ 124,00 <\/li>\n<li><strong>Porto de Paranagu\u00e1 (PR):<\/strong> Aumento de R$ 131,00 para R$ 132,00 <\/li>\n<li><strong>Rondon\u00f3polis (MT):<\/strong> Aumento de R$ 112,00 para R$ 113,00 <\/li>\n<li><strong>Dourados (MS):<\/strong> Queda de R$ 118,00 para R$ 117,00 <\/li>\n<li><strong>Rio Verde (GO):<\/strong> Aumento de R$ 112,00 para R$ 114,00 <\/li>\n<\/ul>\n<h2 class=\"wp-block-heading\" id=\"h-chicago\">Chicago <\/h2>\n<p>Os contratos futuros da soja negociados na Bolsa de Mercadorias de Chicago (CBOT) fecharam de forma mista, perto da estabilidade. A movimenta\u00e7\u00e3o no mercado foi influenciada pela expectativa do relat\u00f3rio de fevereiro do Departamento de Agricultura dos Estados Unidos (USDA) e pelo acompanhamento de quest\u00f5es como sobretaxas impostas pelos EUA e o clima na Argentina. <\/p>\n<\/div>\n<div>\n<p>O presidente dos Estados Unidos, Donald Trump, anunciou tarifas de 25% sobre as importa\u00e7\u00f5es de a\u00e7o e alum\u00ednio, o que gerou receio de retalia\u00e7\u00f5es que poderiam impactar produtos agr\u00edcolas americanos<\/p>\n<h2 class=\"wp-block-heading\" id=\"h-argentina\">Argentina <\/h2>\n<p>Previs\u00f5es clim\u00e1ticas para a Argentina indicam chuvas que podem aliviar o estresse h\u00eddrico e minimizar os preju\u00edzos na safra. O USDA dever\u00e1 manter poucas altera\u00e7\u00f5es em suas estimativas, aumentando a previs\u00e3o para a safra do Brasil para 170 milh\u00f5es de toneladas e reduzindo a de Argentina para 50,6 milh\u00f5es de toneladas.<\/p>\n<h2 class=\"wp-block-heading\" id=\"h-contratos-futuros-da-soja\">Contratos futuros da soja <\/h2>\n<p>Os contratos da soja em gr\u00e3o com entrega em mar\u00e7o fecharam a US$ 10,49 1\/2 por bushel (sem altera\u00e7\u00e3o), enquanto a posi\u00e7\u00e3o maio teve cota\u00e7\u00e3o de US$ 10,65 1\/2 por bushel, tamb\u00e9m sem altera\u00e7\u00e3o. Nos subprodutos, a posi\u00e7\u00e3o mar\u00e7o do farelo fechou com baixa de US$ 0,90 ou 0,29%, a US$ 300,50 por tonelada, e no \u00f3leo, os contratos com vencimento em mar\u00e7o fecharam a 45,73 centavos de d\u00f3lar, com baixa de 0,22 centavo ou 0,47%.<\/p>\n<h2 class=\"wp-block-heading\" id=\"h-cambio\">C\u00e2mbio <\/h2>\n<p>O d\u00f3lar comercial encerrou com queda de 0,12%, negociado a R$ 5,7844 para venda e a R$ 5,7824 para compra. Durante o dia, a moeda variou entre R$ 5,7631 e R$ 5,8241.<\/p>\n<\/p><\/div>\n<p><br \/>\n<br \/><a href=\"https:\/\/www.canalrural.com.br\/agricultura\/projeto-soja-brasil\/pouca-movimentacao-no-mercado-da-soja-confira-as-cotacoes-no-brasil\/\">Source link <\/a><\/p>\n","protected":false},"excerpt":{"rendered":"<p>O mercado brasileiro de soja teve um dia de movimenta\u00e7\u00e3o fraca nesta segunda-feira, com poucas negocia\u00e7\u00f5es e apenas lotes pontuais<\/p>\n","protected":false},"author":1,"featured_media":9394,"comment_status":"open","ping_status":"open","sticky":false,"template":"","format":"standard","meta":{"_monsterinsights_skip_tracking":false,"_monsterinsights_sitenote_active":false,"_monsterinsights_sitenote_note":"","_monsterinsights_sitenote_category":0,"_uf_show_specific_survey":0,"_uf_disable_surveys":false,"footnotes":""},"categories":[1],"tags":[],"class_list":["post-9393","post","type-post","status-publish","format-standard","has-post-thumbnail","hentry","category-news"],"_links":{"self":[{"href":"https:\/\/agromt.news\/index.php?rest_route=\/wp\/v2\/posts\/9393"}],"collection":[{"href":"https:\/\/agromt.news\/index.php?rest_route=\/wp\/v2\/posts"}],"about":[{"href":"https:\/\/agromt.news\/index.php?rest_route=\/wp\/v2\/types\/post"}],"author":[{"embeddable":true,"href":"https:\/\/agromt.news\/index.php?rest_route=\/wp\/v2\/users\/1"}],"replies":[{"embeddable":true,"href":"https:\/\/agromt.news\/index.php?rest_route=%2Fwp%2Fv2%2Fcomments&post=9393"}],"version-history":[{"count":0,"href":"https:\/\/agromt.news\/index.php?rest_route=\/wp\/v2\/posts\/9393\/revisions"}],"wp:featuredmedia":[{"embeddable":true,"href":"https:\/\/agromt.news\/index.php?rest_route=\/wp\/v2\/media\/9394"}],"wp:attachment":[{"href":"https:\/\/agromt.news\/index.php?rest_route=%2Fwp%2Fv2%2Fmedia&parent=9393"}],"wp:term":[{"taxonomy":"category","embeddable":true,"href":"https:\/\/agromt.news\/index.php?rest_route=%2Fwp%2Fv2%2Fcategories&post=9393"},{"taxonomy":"post_tag","embeddable":true,"href":"https:\/\/agromt.news\/index.php?rest_route=%2Fwp%2Fv2%2Ftags&post=9393"}],"curies":[{"name":"wp","href":"https:\/\/api.w.org\/{rel}","templated":true}]}}