{"id":939,"date":"2024-08-29T22:31:43","date_gmt":"2024-08-30T02:31:43","guid":{"rendered":"https:\/\/agromt.news\/?p=939"},"modified":"2024-08-29T22:31:43","modified_gmt":"2024-08-30T02:31:43","slug":"seguro-desemprego-para-agricultor-prejudicado-por-entressafra-e-aprovado","status":"publish","type":"post","link":"https:\/\/agromt.news\/?p=939","title":{"rendered":"Seguro-desemprego para agricultor prejudicado por entressafra \u00e9 aprovado"},"content":{"rendered":"<p> <br \/>\n<\/p>\n<div>\n<p>A Comiss\u00e3o da Amaz\u00f4nia e dos Povos Origin\u00e1rios e Tradicionais da C\u00e2mara dos Deputados aprovou a cria\u00e7\u00e3o do programa <strong>Chap\u00e9u de Palha Nacional<\/strong> favor\u00e1vel a agricultores e extrativistas. <\/p>\n<p>A iniciativa \u00e9 destinada a profissionais que ficam temporariamente desempregados devido \u00e0 entressafra ou <strong><a href=\"https:\/\/www.canalrural.com.br\/economia\/congresso-aprova-projeto-para-desnegativar-empresas-e-pessoas-fisicas-do-rio-grande-do-sul\/\">condi\u00e7\u00f5es clim\u00e1ticas adversas<\/a><\/strong>, como inunda\u00e7\u00f5es e queimadas, ou mesmo por conta de estados de emerg\u00eancia reconhecidos pelo governo.<\/p>\n<\/div>\n<div>\n<p>O programa prev\u00ea a concess\u00e3o de um seguro-desemprego equivalente a um sal\u00e1rio m\u00ednimo para trabalhadores rurais desempregados. <\/p>\n<p>Os benefici\u00e1rios devem exercer sua atividade de forma individual ou em regime de economia familiar, n\u00e3o possuir outra fonte de renda e n\u00e3o receber benef\u00edcios continuados da Previd\u00eancia ou da Assist\u00eancia Social, exceto aux\u00edlio-acidente e pens\u00e3o por morte. O seguro-desemprego poder\u00e1 ser concedido por at\u00e9 <strong>cinco meses.<\/strong><\/p>\n<h2 class=\"wp-block-heading\" id=\"h-parecer-favoravel-aos-agricultores\">Parecer favor\u00e1vel aos agricultores<\/h2>\n<figure class=\"wp-block-image size-full\"><img fetchpriority=\"high\" fetchpriority=\"high\" decoding=\"async\" width=\"768\" height=\"473\" src=\"https:\/\/agromt.news\/wp-content\/uploads\/2024\/08\/Seguro-desemprego-para-agricultor-prejudicado-por-entressafra-e-aprovado.jpg\" alt=\"Deputada Socorro Neri\" class=\"wp-image-4065275\"  \/><figcaption class=\"wp-element-caption\">Deputada Socorro Neri. Foto: Renato Araujo\/C\u00e2mara dos Deputados<\/figcaption><\/figure>\n<p>O texto aprovado \u00e9 um substitutivo da Comiss\u00e3o de Trabalho, de Administra\u00e7\u00e3o e Servi\u00e7o P\u00fablico ao <strong><a href=\"https:\/\/www.camara.leg.br\/proposicoesWeb\/fichadetramitacao?idProposicao=2238433#:~:text=PL%20527%2F2020%20Inteiro%20teor,Projeto%20de%20Lei&amp;text=Disp%C3%B5e%20sobre%20a%20concess%C3%A3o%20do,inunda%C3%A7%C3%B5es%2C%20estiagens%20sazonais%20ou%20queimadas.\">Projeto de Lei 527\/20<\/a><\/strong>, originalmente apresentado pelo ex-deputado Jer\u00f4nimo Goergen (RS). <\/p>\n<p>O parecer favor\u00e1vel foi da deputada Socorro Neri (PP-AC), que destacou a import\u00e2ncia da medida para a seguran\u00e7a e o bem-estar dos trabalhadores rurais em situa\u00e7\u00f5es de vulnerabilidade. <\/p>\n<blockquote class=\"wp-block-quote is-layout-flow wp-block-quote-is-layout-flow\">\n<p>\u201cAo proteger esses profissionais, estamos tamb\u00e9m salvaguardando a seguran\u00e7a alimentar do pa\u00eds e a continuidade das atividades econ\u00f4micas ligadas ao setor rural\u201d, afirmou a deputada.<\/p>\n<\/blockquote>\n<h2 class=\"wp-block-heading\" id=\"h-fonte-do-financiamento\">Fonte do financiamento<\/h2>\n<p>O financiamento do programa ser\u00e1 feito com recursos do Fundo de Amparo ao Trabalhador (FAT), e o Executivo poder\u00e1 criar um fundo espec\u00edfico para o benef\u00edcio. A habilita\u00e7\u00e3o ao seguro ser\u00e1 realizada junto ao Instituto Nacional do Seguro Social (INSS) mediante apresenta\u00e7\u00e3o de documenta\u00e7\u00e3o comprobat\u00f3ria de filia\u00e7\u00e3o a sindicatos ou cooperativas rurais.<\/p>\n<p>Al\u00e9m do seguro, o programa Chap\u00e9u de Palha Nacional prev\u00ea cursos de alfabetiza\u00e7\u00e3o e capacita\u00e7\u00e3o em sa\u00fade preventiva, economia familiar, meio ambiente, gera\u00e7\u00e3o de renda, cidadania e refor\u00e7o alimentar para os benefici\u00e1rios.<\/p>\n<p>O projeto seguir\u00e1 para an\u00e1lise conclusiva das comiss\u00f5es de Previd\u00eancia, Assist\u00eancia Social, Inf\u00e2ncia, Adolesc\u00eancia e Fam\u00edlia; de Finan\u00e7as e Tributa\u00e7\u00e3o; e de Constitui\u00e7\u00e3o e Justi\u00e7a e de Cidadania. Para ser aprovado, precisar\u00e1 do aval da C\u00e2mara e do Senado.<\/p>\n<\/div>\n<p><br \/>\n<br \/><a href=\"https:\/\/www.canalrural.com.br\/agricultura\/seguro-desemprego-para-agricultor-prejudicado-por-entressafra-e-aprovado\/\">Source link <\/a><\/p>\n","protected":false},"excerpt":{"rendered":"<p>A Comiss\u00e3o da Amaz\u00f4nia e dos Povos Origin\u00e1rios e Tradicionais da C\u00e2mara dos Deputados aprovou a cria\u00e7\u00e3o do programa Chap\u00e9u<\/p>\n","protected":false},"author":1,"featured_media":940,"comment_status":"open","ping_status":"open","sticky":false,"template":"","format":"standard","meta":{"_monsterinsights_skip_tracking":false,"_monsterinsights_sitenote_active":false,"_monsterinsights_sitenote_note":"","_monsterinsights_sitenote_category":0,"_uf_show_specific_survey":0,"_uf_disable_surveys":false,"footnotes":""},"categories":[1],"tags":[],"class_list":["post-939","post","type-post","status-publish","format-standard","has-post-thumbnail","hentry","category-news"],"_links":{"self":[{"href":"https:\/\/agromt.news\/index.php?rest_route=\/wp\/v2\/posts\/939"}],"collection":[{"href":"https:\/\/agromt.news\/index.php?rest_route=\/wp\/v2\/posts"}],"about":[{"href":"https:\/\/agromt.news\/index.php?rest_route=\/wp\/v2\/types\/post"}],"author":[{"embeddable":true,"href":"https:\/\/agromt.news\/index.php?rest_route=\/wp\/v2\/users\/1"}],"replies":[{"embeddable":true,"href":"https:\/\/agromt.news\/index.php?rest_route=%2Fwp%2Fv2%2Fcomments&post=939"}],"version-history":[{"count":0,"href":"https:\/\/agromt.news\/index.php?rest_route=\/wp\/v2\/posts\/939\/revisions"}],"wp:featuredmedia":[{"embeddable":true,"href":"https:\/\/agromt.news\/index.php?rest_route=\/wp\/v2\/media\/940"}],"wp:attachment":[{"href":"https:\/\/agromt.news\/index.php?rest_route=%2Fwp%2Fv2%2Fmedia&parent=939"}],"wp:term":[{"taxonomy":"category","embeddable":true,"href":"https:\/\/agromt.news\/index.php?rest_route=%2Fwp%2Fv2%2Fcategories&post=939"},{"taxonomy":"post_tag","embeddable":true,"href":"https:\/\/agromt.news\/index.php?rest_route=%2Fwp%2Fv2%2Ftags&post=939"}],"curies":[{"name":"wp","href":"https:\/\/api.w.org\/{rel}","templated":true}]}}