{"id":9343,"date":"2025-02-09T14:52:13","date_gmt":"2025-02-09T18:52:13","guid":{"rendered":"https:\/\/agromt.news\/?p=9343"},"modified":"2025-02-09T14:52:13","modified_gmt":"2025-02-09T18:52:13","slug":"personagem-soja-brasil-conheca-os-indicados-ao-premio","status":"publish","type":"post","link":"https:\/\/agromt.news\/?p=9343","title":{"rendered":"Personagem Soja Brasil: conhe\u00e7a os indicados ao pr\u00eamio!"},"content":{"rendered":"<p> <br \/>\n<br \/><img decoding=\"async\" src=\"https:\/\/agromt.news\/wp-content\/uploads\/2025\/02\/Personagem-Soja-Brasil-conheca-os-indicados-ao-premio.jpeg\" \/><\/p>\n<div>\n<p class=\"post-hat-feed-lg feed-hat text-primary\">EVENTO EM SANTA CARMEM (MT)<\/p>\n<p class=\"post-title-feed-lg feed-title feed-title-lg\">&#8216;O produtor de soja precisa de cautela neste ano&#8217;, diz presidente da Aprosoja Brasil<\/p>\n<p class=\"feed-excert feed-excert-md line-clamp-3 mt-2\">Evento marca o in\u00edcio da colheita da soja, al\u00e9m de destacar o compromisso com a inova\u00e7\u00e3o, sustentabilidade e os desafios a serem superados pelos sojicultores<\/p>\n<\/p><\/div>\n<p><br \/>\n<br \/><a href=\"https:\/\/www.canalrural.com.br\/agricultura\/projeto-soja-brasil\/personagem-soja-brasil-confira-os-indicados-ao-premio\/\">Source link <\/a><\/p>\n","protected":false},"excerpt":{"rendered":"<p>EVENTO EM SANTA CARMEM (MT) &#8216;O produtor de soja precisa de cautela neste ano&#8217;, diz presidente da Aprosoja Brasil Evento<\/p>\n","protected":false},"author":1,"featured_media":9344,"comment_status":"open","ping_status":"open","sticky":false,"template":"","format":"standard","meta":{"_monsterinsights_skip_tracking":false,"_monsterinsights_sitenote_active":false,"_monsterinsights_sitenote_note":"","_monsterinsights_sitenote_category":0,"_uf_show_specific_survey":0,"_uf_disable_surveys":false,"footnotes":""},"categories":[1],"tags":[],"class_list":["post-9343","post","type-post","status-publish","format-standard","has-post-thumbnail","hentry","category-news"],"_links":{"self":[{"href":"https:\/\/agromt.news\/index.php?rest_route=\/wp\/v2\/posts\/9343"}],"collection":[{"href":"https:\/\/agromt.news\/index.php?rest_route=\/wp\/v2\/posts"}],"about":[{"href":"https:\/\/agromt.news\/index.php?rest_route=\/wp\/v2\/types\/post"}],"author":[{"embeddable":true,"href":"https:\/\/agromt.news\/index.php?rest_route=\/wp\/v2\/users\/1"}],"replies":[{"embeddable":true,"href":"https:\/\/agromt.news\/index.php?rest_route=%2Fwp%2Fv2%2Fcomments&post=9343"}],"version-history":[{"count":0,"href":"https:\/\/agromt.news\/index.php?rest_route=\/wp\/v2\/posts\/9343\/revisions"}],"wp:featuredmedia":[{"embeddable":true,"href":"https:\/\/agromt.news\/index.php?rest_route=\/wp\/v2\/media\/9344"}],"wp:attachment":[{"href":"https:\/\/agromt.news\/index.php?rest_route=%2Fwp%2Fv2%2Fmedia&parent=9343"}],"wp:term":[{"taxonomy":"category","embeddable":true,"href":"https:\/\/agromt.news\/index.php?rest_route=%2Fwp%2Fv2%2Fcategories&post=9343"},{"taxonomy":"post_tag","embeddable":true,"href":"https:\/\/agromt.news\/index.php?rest_route=%2Fwp%2Fv2%2Ftags&post=9343"}],"curies":[{"name":"wp","href":"https:\/\/api.w.org\/{rel}","templated":true}]}}